{"id":995,"date":"2017-11-03T14:12:35","date_gmt":"2017-11-03T13:12:35","guid":{"rendered":"https:\/\/medienkompetenztag.de\/?p=995"},"modified":"2018-09-20T16:22:08","modified_gmt":"2018-09-20T14:22:08","slug":"radioworkshop-ein-selbstgemachtes-feature","status":"publish","type":"post","link":"https:\/\/medienkompetenztag.de\/?p=995","title":{"rendered":"Radioworkshop: Ein selbstgemachtes Feature (TDMK2017)"},"content":{"rendered":"<p><img loading=\"lazy\" decoding=\"async\" class=\"alignnone wp-image-1005\" src=\"https:\/\/medienkompetenztag.de\/wp-content\/uploads\/17_hbw_Logo.jpg\" alt=\"\" width=\"141\" height=\"106\" srcset=\"https:\/\/medienkompetenztag.de\/wp-content\/uploads\/17_hbw_Logo.jpg 372w, https:\/\/medienkompetenztag.de\/wp-content\/uploads\/17_hbw_Logo-300x225.jpg 300w, https:\/\/medienkompetenztag.de\/wp-content\/uploads\/17_hbw_Logo-285x214.jpg 285w\" sizes=\"auto, (max-width: 141px) 100vw, 141px\" \/><\/p>\n<p>Veranstalter:<\/p>\n<p><span style=\"color: #00ccff;\">Radio HBW &#8211; Aschersleben<\/span><\/p>\n<p>Veranstaltungsort:<\/p>\n<p><span style=\"color: #000000;\">Herrenbreite 9<br \/>\n06449 Aschersleben<\/span><\/p>\n<p>Art der Aktion:<br \/>\nthematischer Workshop<\/p>\n<p>Zielgruppe:<br \/>\nAlle interessierten B\u00fcrgerinnen und B\u00fcrger<\/p>\n<p>Ansprechpartner\/-in:<br \/>\nFrau Lisa Krug<\/p>\n<p style=\"color: #00ccff;\">Sie m\u00fcssen sich f\u00fcr diese Aktion anmelden. Bitte nehmen Sie mit mir\/mit uns Kontakt auf!<\/p>\n<p>Das Radiofeature ist eine Mischung aus H\u00f6rspiel, Dokumentation und Reportage. Immer im Spannungsfeld zwischen Information und k\u00fcnstlerischer Gestaltung. Der Kreativit\u00e4t sind in der Erz\u00e4hlung von Geschichten keine Grenzen gesetzt. Die TeilnehmerInnen erstellen im Kurs ein eigenes Radiofeature und testen die Einsatzm\u00f6glichkeiten und Wirkungsweisen verschiedener Audioformate. Dabei lernen sie neben der technischen Umsetzung vor allem verschiedene Gestaltungsm\u00f6glichkeiten und Grundlagen zum Verfassen und Sprechen von Texten kennen.<\/p>\n<p>Im Rahmen des Kursangebots &#8222;Ph\u00e4nomedial&#8220; der Medienanstalt Sachsen-Anhalt findet der viert\u00e4gige Workshop beim B\u00fcrgerradio HBW in Aschersleben statt. B\u00fcrgerradios sind f\u00fcr alle B\u00fcrgerinnen und B\u00fcrger offen und erm\u00f6glicht es, selbst Radiosendungen zu produzieren &#8211; mit professioneller Studiotechnik. Das Ergebnis des Kurses wird anschlie\u00dfend &#8211; zum Tag der Medienkompetenz &#8211; im Radio gesendet.<\/p>\n<p>20.-23.11. | 9-16 Uhr<\/p>\n<p>Kontakt zum Veranstalter:<br \/>\nradio hbw<br \/>\nHerrenbreite 9<br \/>\n06449 Aschersleben<br \/>\n0176 &#8211; 42043550<br \/>\n<a href=\"mailto:lisa.krug@mailbox.org\">lisa.krug@mailbox.org<\/a><br \/>\n<a href=\"http:\/\/radio-hbw.de\/\" target=\"_blank\" rel=\"noopener\">http:\/\/radio-hbw.de\/<\/a><\/p>\n<p>Hinweise und Anmerkungen des Veranstalters:<br \/>\nEs sind keine Vorkenntnisse erforderlich.<\/p>\n<p><a>zur\u00fcck<\/a><\/p>\n","protected":false},"excerpt":{"rendered":"<p>Veranstalter: Radio HBW &#8211; Aschersleben Veranstaltungsort: Herrenbreite 9 06449 Aschersleben Art der Aktion: thematischer Workshop Zielgruppe: Alle interessierten B\u00fcrgerinnen und B\u00fcrger Ansprechpartner\/-in: Frau Lisa Krug Sie m\u00fcssen sich f\u00fcr diese Aktion anmelden. Bitte nehmen Sie mit mir\/mit uns Kontakt auf! Das Radiofeature ist eine Mischung aus H\u00f6rspiel, Dokumentation und Reportage. Immer im Spannungsfeld zwischen Information<a href=\"https:\/\/medienkompetenztag.de\/?p=995\">[&#8230;]<\/a><\/p>\n","protected":false},"author":1,"featured_media":1006,"comment_status":"closed","ping_status":"closed","sticky":false,"template":"","format":"standard","meta":{"footnotes":""},"categories":[4],"tags":[],"class_list":["post-995","post","type-post","status-publish","format-standard","has-post-thumbnail","hentry","category-aktionen"],"_links":{"self":[{"href":"https:\/\/medienkompetenztag.de\/index.php?rest_route=\/wp\/v2\/posts\/995","targetHints":{"allow":["GET"]}}],"collection":[{"href":"https:\/\/medienkompetenztag.de\/index.php?rest_route=\/wp\/v2\/posts"}],"about":[{"href":"https:\/\/medienkompetenztag.de\/index.php?rest_route=\/wp\/v2\/types\/post"}],"author":[{"embeddable":true,"href":"https:\/\/medienkompetenztag.de\/index.php?rest_route=\/wp\/v2\/users\/1"}],"replies":[{"embeddable":true,"href":"https:\/\/medienkompetenztag.de\/index.php?rest_route=%2Fwp%2Fv2%2Fcomments&post=995"}],"version-history":[{"count":8,"href":"https:\/\/medienkompetenztag.de\/index.php?rest_route=\/wp\/v2\/posts\/995\/revisions"}],"predecessor-version":[{"id":1329,"href":"https:\/\/medienkompetenztag.de\/index.php?rest_route=\/wp\/v2\/posts\/995\/revisions\/1329"}],"wp:featuredmedia":[{"embeddable":true,"href":"https:\/\/medienkompetenztag.de\/index.php?rest_route=\/wp\/v2\/media\/1006"}],"wp:attachment":[{"href":"https:\/\/medienkompetenztag.de\/index.php?rest_route=%2Fwp%2Fv2%2Fmedia&parent=995"}],"wp:term":[{"taxonomy":"category","embeddable":true,"href":"https:\/\/medienkompetenztag.de\/index.php?rest_route=%2Fwp%2Fv2%2Fcategories&post=995"},{"taxonomy":"post_tag","embeddable":true,"href":"https:\/\/medienkompetenztag.de\/index.php?rest_route=%2Fwp%2Fv2%2Ftags&post=995"}],"curies":[{"name":"wp","href":"https:\/\/api.w.org\/{rel}","templated":true}]}}