{"id":897,"date":"2016-12-15T12:13:00","date_gmt":"2016-12-15T11:13:00","guid":{"rendered":"https:\/\/medienkompetenztag.de\/?p=897"},"modified":"2017-11-29T15:03:46","modified_gmt":"2017-11-29T14:03:46","slug":"workshop-abgecheckt-facebook-co-unter-der-lupe","status":"publish","type":"post","link":"https:\/\/medienkompetenztag.de\/?p=897","title":{"rendered":"Workshop &#8222;Abgecheckt: Facebook &#038; Co. unter der Lupe&#8220;"},"content":{"rendered":"<p><a href=\"https:\/\/medienkompetenztag.de\/?p=897\"><span style=\"color: #00ccff;\">Einblicke in die Welt des Internets<\/span><\/a><\/p>\n<p>Workshop \u201eAbgecheckt: Facebook &amp; Co. unter der Lupe\u201c<\/p>\n<p>Am 23. November 2016 schulten drei Mitarbeiter vom Netzwerk Medienkompetenz Sachsen-Anhalt und der Medienanstalt Sachsen-Anhalt die Lebenshilfe in Magdeburg.<\/p>\n<p>Wir, 18 behinderte Besch\u00e4ftigte der Lebenshilfe, erhielten im Rahmen eines Workshops Einblicke in die virtuelle Welt des Internets. Die Inhalte des Workshops bezogen sich auf m\u00f6gliche Gefahren von sozialen Netzwerken wie Facebook und WhatsApp. Anhand einer \u00dcbung wurde verdeutlicht, wie wir durch das Versenden und Empfangen einer einzigen Nachricht im Grunde schon alle miteinander vernetzt sind. Wir wurden sensibilisiert, im Umgang mit pers\u00f6nlichen Daten und in Hinblick auf Cybermobbing vorsichtig zu sein.<\/p>\n<p>Alle Teilnehmer wurden animiert, nicht den bequemen Weg zu gehen, sondern nach Alternativen zu suchen. So sollen beispielsweise Daten mit Passw\u00f6rtern gesch\u00fctzt und Apps gew\u00e4hlt werden, die sicher sind.<\/p>\n<p>Der Workshop war leicht verst\u00e4ndlich und interessant, er hat uns allen gut gefallen.<\/p>\n<p>Zum Abschluss haben wir ein Brainstorming gemacht, was f\u00fcr uns alle in Erinnerung geblieben ist und es wurde deutlich, dass jeder von uns etwas in dem Workshop gelernt hat.<\/p>\n<p>Ulrike Lisse und Thomas Dieckmann<br \/>\n(Teilnehmer des Berufsbildungsbereiches, WfbM Leipziger Stra\u00dfe)<\/p>\n<p><img loading=\"lazy\" decoding=\"async\" class=\"attachment-full \" src=\"https:\/\/medienkompetenztag.de\/wp-content\/uploads\/584908642894e.jpg\" srcset=\"https:\/\/medienkompetenztag.de\/wp-content\/uploads\/584908642894e.jpg 5167w, https:\/\/medienkompetenztag.de\/wp-content\/uploads\/584908642894e-300x128.jpg 300w, https:\/\/medienkompetenztag.de\/wp-content\/uploads\/584908642894e-768x327.jpg 768w, https:\/\/medienkompetenztag.de\/wp-content\/uploads\/584908642894e-1024x436.jpg 1024w\" alt=\"Einblicke in die Welt des Internets Workshop \u201eAbgecheckt: Facebook &amp; Co. unter der Lupe\u201c Am 23. November 2016 schulten drei Mitarbeiter vom Netzwerk Medienkompetenz Sachsen-Anhalt die Lebenshilfe in Magdeburg. Wir, 18 behinderte Besch\u00e4ftigte der Lebenshilfe, erhielten im Rahmen eines Workshops Einblicke in die virtuelle Welt des Internets. Die Inhalte des Workshops bezogen sich auf m\u00f6gliche Gefahren von sozialen Netzwerken wie Facebook und WhatsApp. Anhand einer \u00dcbung wurde verdeutlicht, wie wir durch das Versenden und Empfangen einer einzigen Nachricht im Grunde schon alle miteinander vernetzt sind. Wir wurden sensibilisiert, im Umgang mit pers\u00f6nlichen Daten und in Hinblick auf Cybermobbing vorsichtig zu sein. Alle Teilnehmer wurden animiert, nicht den bequemen Weg zu gehen, sondern nach Alternativen zu suchen. So sollen beispielsweise Daten mit Passw\u00f6rtern gesch\u00fctzt und Apps gew\u00e4hlt werden, die sicher sind. Der Workshop war leicht verst\u00e4ndlich und interessant, er hat uns allen gut gefallen. Zum Abschluss haben wir ein Brainstorming gemacht, was f\u00fcr uns alle in Erinnerung geblieben ist und es wurde deutlich, dass jeder von uns etwas in dem Workshop gelernt hat. Ulrike Lisse und Thomas Dieckmann (Teilnehmer des Berufsbildungsbereiches, WfbM Leipziger Stra\u00dfe)\" width=\"559\" height=\"238\" \/><\/p>\n<p><img loading=\"lazy\" decoding=\"async\" class=\" wp-image-784\" src=\"https:\/\/medienkompetenztag.de\/wp-content\/uploads\/5836fd18a254f-e1481800844815-576x1024.jpg\" alt=\"Hier steht der Text\" width=\"400\" height=\"711\" srcset=\"https:\/\/medienkompetenztag.de\/wp-content\/uploads\/5836fd18a254f-e1481800844815-576x1024.jpg 576w, https:\/\/medienkompetenztag.de\/wp-content\/uploads\/5836fd18a254f-e1481800844815-169x300.jpg 169w, https:\/\/medienkompetenztag.de\/wp-content\/uploads\/5836fd18a254f-e1481800844815-768x1365.jpg 768w, https:\/\/medienkompetenztag.de\/wp-content\/uploads\/5836fd18a254f-e1481800844815.jpg 1836w\" sizes=\"auto, (max-width: 400px) 100vw, 400px\" \/><\/p>\n<p><img loading=\"lazy\" decoding=\"async\" class=\" wp-image-788\" src=\"https:\/\/medienkompetenztag.de\/wp-content\/uploads\/5836fd1e89fb1-e1481800758171-576x1024.jpg\" alt=\"Hier steht der Text\" width=\"400\" height=\"711\" srcset=\"https:\/\/medienkompetenztag.de\/wp-content\/uploads\/5836fd1e89fb1-e1481800758171-576x1024.jpg 576w, https:\/\/medienkompetenztag.de\/wp-content\/uploads\/5836fd1e89fb1-e1481800758171-169x300.jpg 169w, https:\/\/medienkompetenztag.de\/wp-content\/uploads\/5836fd1e89fb1-e1481800758171-768x1365.jpg 768w, https:\/\/medienkompetenztag.de\/wp-content\/uploads\/5836fd1e89fb1-e1481800758171.jpg 1836w\" sizes=\"auto, (max-width: 400px) 100vw, 400px\" \/><\/p>\n<p>Unsere Aktion:<br \/>\n<a href=\"https:\/\/medienkompetenztag.de\/?p=719\"><span style=\"color: #00ccff;\">Lebenshilfe-Werk Magdeburg gemeinn\u00fctzige GmbH in Kooperation mit dem Netzwerk Medienkompetenz<br \/>\nSachsen-Anhalt<\/span><\/a><\/p>\n","protected":false},"excerpt":{"rendered":"<p>Einblicke in die Welt des Internets Workshop \u201eAbgecheckt: Facebook &amp; Co. unter der Lupe\u201c Am 23. November 2016 schulten drei Mitarbeiter vom Netzwerk Medienkompetenz Sachsen-Anhalt und der Medienanstalt Sachsen-Anhalt die Lebenshilfe in Magdeburg. Wir, 18 behinderte Besch\u00e4ftigte der Lebenshilfe, erhielten im Rahmen eines Workshops Einblicke in die virtuelle Welt des Internets. Die Inhalte des Workshops<a href=\"https:\/\/medienkompetenztag.de\/?p=897\">[&#8230;]<\/a><\/p>\n","protected":false},"author":1,"featured_media":784,"comment_status":"closed","ping_status":"closed","sticky":false,"template":"","format":"standard","meta":{"footnotes":""},"categories":[7],"tags":[],"class_list":["post-897","post","type-post","status-publish","format-standard","has-post-thumbnail","hentry","category-ergebnisse2016"],"_links":{"self":[{"href":"https:\/\/medienkompetenztag.de\/index.php?rest_route=\/wp\/v2\/posts\/897","targetHints":{"allow":["GET"]}}],"collection":[{"href":"https:\/\/medienkompetenztag.de\/index.php?rest_route=\/wp\/v2\/posts"}],"about":[{"href":"https:\/\/medienkompetenztag.de\/index.php?rest_route=\/wp\/v2\/types\/post"}],"author":[{"embeddable":true,"href":"https:\/\/medienkompetenztag.de\/index.php?rest_route=\/wp\/v2\/users\/1"}],"replies":[{"embeddable":true,"href":"https:\/\/medienkompetenztag.de\/index.php?rest_route=%2Fwp%2Fv2%2Fcomments&post=897"}],"version-history":[{"count":6,"href":"https:\/\/medienkompetenztag.de\/index.php?rest_route=\/wp\/v2\/posts\/897\/revisions"}],"predecessor-version":[{"id":900,"href":"https:\/\/medienkompetenztag.de\/index.php?rest_route=\/wp\/v2\/posts\/897\/revisions\/900"}],"wp:featuredmedia":[{"embeddable":true,"href":"https:\/\/medienkompetenztag.de\/index.php?rest_route=\/wp\/v2\/media\/784"}],"wp:attachment":[{"href":"https:\/\/medienkompetenztag.de\/index.php?rest_route=%2Fwp%2Fv2%2Fmedia&parent=897"}],"wp:term":[{"taxonomy":"category","embeddable":true,"href":"https:\/\/medienkompetenztag.de\/index.php?rest_route=%2Fwp%2Fv2%2Fcategories&post=897"},{"taxonomy":"post_tag","embeddable":true,"href":"https:\/\/medienkompetenztag.de\/index.php?rest_route=%2Fwp%2Fv2%2Ftags&post=897"}],"curies":[{"name":"wp","href":"https:\/\/api.w.org\/{rel}","templated":true}]}}