{"id":885,"date":"2016-12-07T17:29:07","date_gmt":"2016-12-07T16:29:07","guid":{"rendered":"https:\/\/medienkompetenztag.de\/?p=885"},"modified":"2017-11-29T15:14:14","modified_gmt":"2017-11-29T14:14:14","slug":"elternnavigator-medienkompetenz-4","status":"publish","type":"post","link":"https:\/\/medienkompetenztag.de\/?p=885","title":{"rendered":"\u201eElternnavigator Medienkompetenz\u201c"},"content":{"rendered":"<p><a href=\"https:\/\/medienkompetenztag.de\/?p=885\"><span style=\"color: #00ccff;\">Ein thematischer Elternabend zum Thema Medienerziehung<\/span><\/a><\/p>\n<p>Das Medienmobil der Medienanstalt Sachsen-Anhalt beteiligte sich am 1. Tag der Medienkompetenz mit einem thematischen Elternabend zum Thema Medienerziehung am Geschwister-Scholl-Gymnasium in Sangerhausen. Insgesamt 75 interessierte Eltern kamen mit ihren Kindern zu der Veranstaltung.<\/p>\n<p>Im Familienalltag bringt die Mediennutzung immer wieder Konflikte mit sich. Nicht selten haben Eltern und Kinder unterschiedliche Auffassungen \u00fcber Nutzungsdauer und -inhalte. Eltern sind verunsichert, was ihre Kinder im Netz machen und mitunter wissen beide Parteien nicht, was rechtlich \u00fcberhaupt erlaubt ist. Genau diese Punkte haben die Medienp\u00e4dagoginnen in der 90-min\u00fctigen Veranstaltung aufgegriffen. Neben bei Heranwachsenden beliebten sozialen Netzwerken wurden auch Problemfelder wie die Preisgabe pers\u00f6nlicher Daten, rechtliche Aspekte wie Urheber- und Pers\u00f6nlichkeitsrechte im Netz aber auch das Thema Cybermobbing angesprochen.<\/p>\n<p>Ziel der Veranstaltung war es u.a. Eltern und Kinder ins Gespr\u00e4ch zu bringen. Zu Beginn wurden die Eltern aufgefordert, sich \u00fcber die positiven Aspekte sozialer Medien Gedanken zu machen und sich untereinander auszutauschen, wof\u00fcr soziale Netzwerke genutzt werden und wo sie helfen, den Alltag zu erleichtern. Im gleichen Atemzug sollten die Jugendlichen dar\u00fcber diskutieren, welche Stolperfallen bei der Nutzung sozialer Netzwerke auftreten k\u00f6nnen und worauf man aufpassen sollte. Am Ende der Veranstaltung hatten beide Parteien noch einmal die M\u00f6glichkeit, ihre W\u00fcnsche im famili\u00e4ren Umgang mit der Mediennutzung zu \u00e4u\u00dfern. Im Wechsel wurden jeweils die W\u00fcnsche der Kinder an ihre Eltern und umgekehrt gesammelt.<\/p>\n<p><img loading=\"lazy\" decoding=\"async\" class=\"attachment-full \" src=\"https:\/\/medienkompetenztag.de\/wp-content\/uploads\/58481456a5cf4.jpg\" srcset=\"https:\/\/medienkompetenztag.de\/wp-content\/uploads\/58481456a5cf4.jpg 4000w, https:\/\/medienkompetenztag.de\/wp-content\/uploads\/58481456a5cf4-300x200.jpg 300w, https:\/\/medienkompetenztag.de\/wp-content\/uploads\/58481456a5cf4-768x513.jpg 768w, https:\/\/medienkompetenztag.de\/wp-content\/uploads\/58481456a5cf4-1024x684.jpg 1024w, https:\/\/medienkompetenztag.de\/wp-content\/uploads\/58481456a5cf4-750x500.jpg 750w\" alt=\"Das Medienmobil der Medienanstalt Sachsen-Anhalt beteiligte sich am 1. Tag der Medienkompetenz mit einem thematischen Elternabend zum Thema Medienerziehung am Geschwister-Scholl-Gymnasium in Sangerhausen. Insgesamt 75 interessierte Eltern kamen mit ihren Kindern zu der Veranstaltung. Im Familienalltag bringt die Mediennutzung immer wieder Konflikte mit sich. Nicht selten haben Eltern und Kinder unterschiedliche Auffassungen \u00fcber Nutzungsdauer und \u2013inhalte. Eltern sind verunsichert was ihre Kinder im Netz machen und mitunter wissen beide Parteien nicht was rechtlich \u00fcberhaupt erlaubt ist. Genau diese Punkte haben die Medienp\u00e4dagoginnen in der 90-min\u00fctigen Veranstaltung aufgegriffen. Neben bei Heranwachsenden beliebten sozialen Netzwerken wurden auch Problemfelder wie die Preisgabe pers\u00f6nlicher Daten, rechtliche Aspekte wie Urheber- und Pers\u00f6nlichkeitsrechte im Netz aber auch das Thema Cybermobbing angesprochen. Ziel der Veranstaltung war es u.a. Eltern und Kinder ins Gespr\u00e4ch zu bringen. Zu Beginn wurden die Eltern aufgefordert, sich \u00fcber die positiven Aspekte sozialer Medien Gedanken zu machen und sich untereinander auszutauschen: wof\u00fcr werden soziale Netzwerke genutzt und wo helfen sie den Alltag zu erleichtern. Im gleichen Atemzug sollten die Jugendlichen dar\u00fcber diskutieren, welche Stolperfallen bei der Nutzung sozialer Netzwerke auftreten k\u00f6nnen und worauf man aufpassen sollte. Am Ende der Veranstaltung hatten beide Parteien noch einmal die M\u00f6glichkeit ihre W\u00fcnsche im famili\u00e4ren Umgang mit der Mediennutzung zu \u00e4u\u00dfern. Im Wechsel wurden jeweils die W\u00fcnsche der Kinder an ihre Eltern und umgekehrt gesammelt.\" width=\"539\" height=\"360\" \/><\/p>\n<p>75 Eltern und Kinder (5. und 6. Klasse) waren bei dem Elternabend anwesend.<\/p>\n<p>Unsere Aktion:<br \/>\n<a href=\"https:\/\/medienkompetenztag.de\/?p=708\"><span style=\"color: #00ccff;\">Medienanstalt Sachsen-Anhalt<\/span><\/a><\/p>\n<p><img loading=\"lazy\" decoding=\"async\" class=\"alignnone wp-image-711\" src=\"https:\/\/medienkompetenztag.de\/wp-content\/uploads\/160909_Logo_Medienanstalt_Sachsen-Anhalt.png\" alt=\"160909_logo_medienanstalt_sachsen-anhalt\" width=\"202\" height=\"49\" srcset=\"https:\/\/medienkompetenztag.de\/wp-content\/uploads\/160909_Logo_Medienanstalt_Sachsen-Anhalt.png 851w, https:\/\/medienkompetenztag.de\/wp-content\/uploads\/160909_Logo_Medienanstalt_Sachsen-Anhalt-300x73.png 300w, https:\/\/medienkompetenztag.de\/wp-content\/uploads\/160909_Logo_Medienanstalt_Sachsen-Anhalt-768x187.png 768w\" sizes=\"auto, (max-width: 202px) 100vw, 202px\" \/><\/p>\n","protected":false},"excerpt":{"rendered":"<p>Ein thematischer Elternabend zum Thema Medienerziehung Das Medienmobil der Medienanstalt Sachsen-Anhalt beteiligte sich am 1. Tag der Medienkompetenz mit einem thematischen Elternabend zum Thema Medienerziehung am Geschwister-Scholl-Gymnasium in Sangerhausen. Insgesamt 75 interessierte Eltern kamen mit ihren Kindern zu der Veranstaltung. Im Familienalltag bringt die Mediennutzung immer wieder Konflikte mit sich. Nicht selten haben Eltern und<a href=\"https:\/\/medienkompetenztag.de\/?p=885\">[&#8230;]<\/a><\/p>\n","protected":false},"author":1,"featured_media":886,"comment_status":"closed","ping_status":"closed","sticky":false,"template":"","format":"standard","meta":{"footnotes":""},"categories":[7],"tags":[],"class_list":["post-885","post","type-post","status-publish","format-standard","has-post-thumbnail","hentry","category-ergebnisse2016"],"_links":{"self":[{"href":"https:\/\/medienkompetenztag.de\/index.php?rest_route=\/wp\/v2\/posts\/885","targetHints":{"allow":["GET"]}}],"collection":[{"href":"https:\/\/medienkompetenztag.de\/index.php?rest_route=\/wp\/v2\/posts"}],"about":[{"href":"https:\/\/medienkompetenztag.de\/index.php?rest_route=\/wp\/v2\/types\/post"}],"author":[{"embeddable":true,"href":"https:\/\/medienkompetenztag.de\/index.php?rest_route=\/wp\/v2\/users\/1"}],"replies":[{"embeddable":true,"href":"https:\/\/medienkompetenztag.de\/index.php?rest_route=%2Fwp%2Fv2%2Fcomments&post=885"}],"version-history":[{"count":8,"href":"https:\/\/medienkompetenztag.de\/index.php?rest_route=\/wp\/v2\/posts\/885\/revisions"}],"predecessor-version":[{"id":896,"href":"https:\/\/medienkompetenztag.de\/index.php?rest_route=\/wp\/v2\/posts\/885\/revisions\/896"}],"wp:featuredmedia":[{"embeddable":true,"href":"https:\/\/medienkompetenztag.de\/index.php?rest_route=\/wp\/v2\/media\/886"}],"wp:attachment":[{"href":"https:\/\/medienkompetenztag.de\/index.php?rest_route=%2Fwp%2Fv2%2Fmedia&parent=885"}],"wp:term":[{"taxonomy":"category","embeddable":true,"href":"https:\/\/medienkompetenztag.de\/index.php?rest_route=%2Fwp%2Fv2%2Fcategories&post=885"},{"taxonomy":"post_tag","embeddable":true,"href":"https:\/\/medienkompetenztag.de\/index.php?rest_route=%2Fwp%2Fv2%2Ftags&post=885"}],"curies":[{"name":"wp","href":"https:\/\/api.w.org\/{rel}","templated":true}]}}