{"id":869,"date":"2016-12-06T14:21:50","date_gmt":"2016-12-06T13:21:50","guid":{"rendered":"https:\/\/medienkompetenztag.de\/?p=869"},"modified":"2017-11-29T15:14:30","modified_gmt":"2017-11-29T14:14:30","slug":"digital-ist-besser","status":"publish","type":"post","link":"https:\/\/medienkompetenztag.de\/?p=869","title":{"rendered":"Digital ist besser!?"},"content":{"rendered":"<p><a href=\"https:\/\/medienkompetenztag.de\/?p=869\"><span style=\"color: #00ccff;\">Die digitale Welt<\/span><\/a><\/p>\n<p>&#8230; gibt es seit relativ kurzer Zeit. Deren Geschichte haben wir zu Beginn skizziert. In Freizeit und Arbeit ist der technische Fortschritt nicht mehr weg zu denken. Nun bem\u00fcht sich das Digitale auch unser ganzes Zuhause zu vereinnahmen. Im Workshop haben wir aufgezeigt, welche Folgen dies f\u00fcr den Datenschutz und die Privatsph\u00e4re hat. Das Wissen dar\u00fcber ist Grundlage f\u00fcr Entscheidungen.<\/p>\n<p>15 Smart-Home &amp; Datenschutz-Interessenten fanden sich zum Workshop ein.<\/p>\n<p>Zum Thema passend und konsequent gab es zum Abschluss den Foto-Wettbewerb &#8222;Verpixelt&#8220;.<\/p>\n<p><img loading=\"lazy\" decoding=\"async\" class=\"attachment-full \" src=\"https:\/\/medienkompetenztag.de\/wp-content\/uploads\/5846a85982657.jpg\" srcset=\"https:\/\/medienkompetenztag.de\/wp-content\/uploads\/5846a85982657.jpg 800w, https:\/\/medienkompetenztag.de\/wp-content\/uploads\/5846a85982657-300x200.jpg 300w, https:\/\/medienkompetenztag.de\/wp-content\/uploads\/5846a85982657-768x513.jpg 768w, https:\/\/medienkompetenztag.de\/wp-content\/uploads\/5846a85982657-750x500.jpg 750w\" alt=\"Die digitale Welt gibt es seit relativ kurzer Zeit. Deren Geschichte haben wir zu Beginn skizziert. In Freizeit und Arbeit ist der technische Fortschritt nicht mehr weg zu denken. Nun bem\u00fcht sich das Digitale auch unser ganzes Zuhause zu vereinnahmen. Im Workshop haben wir aufgezeigt, welche Folgen dies f\u00fcr den Datenschutz und die Privatsph\u00e4re hat. Das Wissen dar\u00fcber ist Grundlage f\u00fcr Entscheidungen. Zum Thema passend und konsequent gab es zum Abschluss den Foto-Wettbewerb &quot;Verpixelt&quot;.\" width=\"539\" height=\"360\" \/><\/p>\n<p><img loading=\"lazy\" decoding=\"async\" class=\"attachment-full \" src=\"https:\/\/medienkompetenztag.de\/wp-content\/uploads\/5846a85a2cdfd.jpg\" srcset=\"https:\/\/medienkompetenztag.de\/wp-content\/uploads\/5846a85a2cdfd.jpg 800w, https:\/\/medienkompetenztag.de\/wp-content\/uploads\/5846a85a2cdfd-300x225.jpg 300w, https:\/\/medienkompetenztag.de\/wp-content\/uploads\/5846a85a2cdfd-768x576.jpg 768w, https:\/\/medienkompetenztag.de\/wp-content\/uploads\/5846a85a2cdfd-285x214.jpg 285w\" alt=\"Die digitale Welt gibt es seit relativ kurzer Zeit. Deren Geschichte haben wir zu Beginn skizziert. In Freizeit und Arbeit ist der technische Fortschritt nicht mehr weg zu denken. Nun bem\u00fcht sich das Digitale auch unser ganzes Zuhause zu vereinnahmen. Im Workshop haben wir aufgezeigt, welche Folgen dies f\u00fcr den Datenschutz und die Privatsph\u00e4re hat. Das Wissen dar\u00fcber ist Grundlage f\u00fcr Entscheidungen. Zum Thema passend und konsequent gab es zum Abschluss den Foto-Wettbewerb &quot;Verpixelt&quot;.\" width=\"540\" height=\"405\" \/><\/p>\n<p><img loading=\"lazy\" decoding=\"async\" class=\"attachment-full \" src=\"https:\/\/medienkompetenztag.de\/wp-content\/uploads\/5846a85a9ee62.jpg\" srcset=\"https:\/\/medienkompetenztag.de\/wp-content\/uploads\/5846a85a9ee62.jpg 800w, https:\/\/medienkompetenztag.de\/wp-content\/uploads\/5846a85a9ee62-300x225.jpg 300w, https:\/\/medienkompetenztag.de\/wp-content\/uploads\/5846a85a9ee62-768x576.jpg 768w, https:\/\/medienkompetenztag.de\/wp-content\/uploads\/5846a85a9ee62-285x214.jpg 285w\" alt=\"Die digitale Welt gibt es seit relativ kurzer Zeit. Deren Geschichte haben wir zu Beginn skizziert. In Freizeit und Arbeit ist der technische Fortschritt nicht mehr weg zu denken. Nun bem\u00fcht sich das Digitale auch unser ganzes Zuhause zu vereinnahmen. Im Workshop haben wir aufgezeigt, welche Folgen dies f\u00fcr den Datenschutz und die Privatsph\u00e4re hat. Das Wissen dar\u00fcber ist Grundlage f\u00fcr Entscheidungen. Zum Thema passend und konsequent gab es zum Abschluss den Foto-Wettbewerb &quot;Verpixelt&quot;.\" width=\"540\" height=\"405\" \/><\/p>\n<p><img loading=\"lazy\" decoding=\"async\" class=\"attachment-full \" src=\"https:\/\/medienkompetenztag.de\/wp-content\/uploads\/5846a85b2223e.jpg\" srcset=\"https:\/\/medienkompetenztag.de\/wp-content\/uploads\/5846a85b2223e.jpg 800w, https:\/\/medienkompetenztag.de\/wp-content\/uploads\/5846a85b2223e-300x200.jpg 300w, https:\/\/medienkompetenztag.de\/wp-content\/uploads\/5846a85b2223e-768x513.jpg 768w, https:\/\/medienkompetenztag.de\/wp-content\/uploads\/5846a85b2223e-750x500.jpg 750w\" alt=\"Die digitale Welt gibt es seit relativ kurzer Zeit. Deren Geschichte haben wir zu Beginn skizziert. In Freizeit und Arbeit ist der technische Fortschritt nicht mehr weg zu denken. Nun bem\u00fcht sich das Digitale auch unser ganzes Zuhause zu vereinnahmen. Im Workshop haben wir aufgezeigt, welche Folgen dies f\u00fcr den Datenschutz und die Privatsph\u00e4re hat. Das Wissen dar\u00fcber ist Grundlage f\u00fcr Entscheidungen. Zum Thema passend und konsequent gab es zum Abschluss den Foto-Wettbewerb &quot;Verpixelt&quot;.\" width=\"541\" height=\"361\" \/><\/p>\n<p><img loading=\"lazy\" decoding=\"async\" class=\"attachment-full \" src=\"https:\/\/medienkompetenztag.de\/wp-content\/uploads\/5846a85b8238f.jpg\" srcset=\"https:\/\/medienkompetenztag.de\/wp-content\/uploads\/5846a85b8238f.jpg 800w, https:\/\/medienkompetenztag.de\/wp-content\/uploads\/5846a85b8238f-300x200.jpg 300w, https:\/\/medienkompetenztag.de\/wp-content\/uploads\/5846a85b8238f-768x513.jpg 768w, https:\/\/medienkompetenztag.de\/wp-content\/uploads\/5846a85b8238f-750x500.jpg 750w\" alt=\"Die digitale Welt gibt es seit relativ kurzer Zeit. Deren Geschichte haben wir zu Beginn skizziert. In Freizeit und Arbeit ist der technische Fortschritt nicht mehr weg zu denken. Nun bem\u00fcht sich das Digitale auch unser ganzes Zuhause zu vereinnahmen. Im Workshop haben wir aufgezeigt, welche Folgen dies f\u00fcr den Datenschutz und die Privatsph\u00e4re hat. Das Wissen dar\u00fcber ist Grundlage f\u00fcr Entscheidungen. Zum Thema passend und konsequent gab es zum Abschluss den Foto-Wettbewerb &quot;Verpixelt&quot;.\" width=\"539\" height=\"360\" \/><\/p>\n<p><img loading=\"lazy\" decoding=\"async\" class=\"attachment-full \" src=\"https:\/\/medienkompetenztag.de\/wp-content\/uploads\/5846a85bd5cf6.jpg\" srcset=\"https:\/\/medienkompetenztag.de\/wp-content\/uploads\/5846a85bd5cf6.jpg 800w, https:\/\/medienkompetenztag.de\/wp-content\/uploads\/5846a85bd5cf6-300x225.jpg 300w, https:\/\/medienkompetenztag.de\/wp-content\/uploads\/5846a85bd5cf6-768x576.jpg 768w, https:\/\/medienkompetenztag.de\/wp-content\/uploads\/5846a85bd5cf6-285x214.jpg 285w\" alt=\"Die digitale Welt gibt es seit relativ kurzer Zeit. Deren Geschichte haben wir zu Beginn skizziert. In Freizeit und Arbeit ist der technische Fortschritt nicht mehr weg zu denken. Nun bem\u00fcht sich das Digitale auch unser ganzes Zuhause zu vereinnahmen. Im Workshop haben wir aufgezeigt, welche Folgen dies f\u00fcr den Datenschutz und die Privatsph\u00e4re hat. Das Wissen dar\u00fcber ist Grundlage f\u00fcr Entscheidungen. Zum Thema passend und konsequent gab es zum Abschluss den Foto-Wettbewerb &quot;Verpixelt&quot;.\" width=\"540\" height=\"405\" \/><\/p>\n<p><img loading=\"lazy\" decoding=\"async\" class=\"attachment-full \" src=\"https:\/\/medienkompetenztag.de\/wp-content\/uploads\/5846a85c31212.jpg\" srcset=\"https:\/\/medienkompetenztag.de\/wp-content\/uploads\/5846a85c31212.jpg 800w, https:\/\/medienkompetenztag.de\/wp-content\/uploads\/5846a85c31212-300x200.jpg 300w, https:\/\/medienkompetenztag.de\/wp-content\/uploads\/5846a85c31212-768x513.jpg 768w, https:\/\/medienkompetenztag.de\/wp-content\/uploads\/5846a85c31212-750x500.jpg 750w\" alt=\"Die digitale Welt gibt es seit relativ kurzer Zeit. Deren Geschichte haben wir zu Beginn skizziert. In Freizeit und Arbeit ist der technische Fortschritt nicht mehr weg zu denken. Nun bem\u00fcht sich das Digitale auch unser ganzes Zuhause zu vereinnahmen. Im Workshop haben wir aufgezeigt, welche Folgen dies f\u00fcr den Datenschutz und die Privatsph\u00e4re hat. Das Wissen dar\u00fcber ist Grundlage f\u00fcr Entscheidungen. Zum Thema passend und konsequent gab es zum Abschluss den Foto-Wettbewerb &quot;Verpixelt&quot;.\" width=\"541\" height=\"361\" \/><\/p>\n<p><img loading=\"lazy\" decoding=\"async\" class=\"attachment-full \" src=\"https:\/\/medienkompetenztag.de\/wp-content\/uploads\/5846a85c71d0f.jpg\" srcset=\"https:\/\/medienkompetenztag.de\/wp-content\/uploads\/5846a85c71d0f.jpg 800w, https:\/\/medienkompetenztag.de\/wp-content\/uploads\/5846a85c71d0f-300x217.jpg 300w, https:\/\/medienkompetenztag.de\/wp-content\/uploads\/5846a85c71d0f-768x555.jpg 768w\" alt=\"Die digitale Welt gibt es seit relativ kurzer Zeit. Deren Geschichte haben wir zu Beginn skizziert. In Freizeit und Arbeit ist der technische Fortschritt nicht mehr weg zu denken. Nun bem\u00fcht sich das Digitale auch unser ganzes Zuhause zu vereinnahmen. Im Workshop haben wir aufgezeigt, welche Folgen dies f\u00fcr den Datenschutz und die Privatsph\u00e4re hat. Das Wissen dar\u00fcber ist Grundlage f\u00fcr Entscheidungen. Zum Thema passend und konsequent gab es zum Abschluss den Foto-Wettbewerb &quot;Verpixelt&quot;.\" width=\"540\" height=\"390\" \/><\/p>\n<p><img loading=\"lazy\" decoding=\"async\" class=\"attachment-full \" src=\"https:\/\/medienkompetenztag.de\/wp-content\/uploads\/5846a85cb204a.jpg\" srcset=\"https:\/\/medienkompetenztag.de\/wp-content\/uploads\/5846a85cb204a.jpg 800w, https:\/\/medienkompetenztag.de\/wp-content\/uploads\/5846a85cb204a-300x218.jpg 300w, https:\/\/medienkompetenztag.de\/wp-content\/uploads\/5846a85cb204a-768x557.jpg 768w\" alt=\"Die digitale Welt gibt es seit relativ kurzer Zeit. Deren Geschichte haben wir zu Beginn skizziert. In Freizeit und Arbeit ist der technische Fortschritt nicht mehr weg zu denken. Nun bem\u00fcht sich das Digitale auch unser ganzes Zuhause zu vereinnahmen. Im Workshop haben wir aufgezeigt, welche Folgen dies f\u00fcr den Datenschutz und die Privatsph\u00e4re hat. Das Wissen dar\u00fcber ist Grundlage f\u00fcr Entscheidungen. Zum Thema passend und konsequent gab es zum Abschluss den Foto-Wettbewerb &quot;Verpixelt&quot;.\" width=\"541\" height=\"392\" \/><\/p>\n<p>Unsere Aktion:<br \/>\n<a href=\"https:\/\/medienkompetenztag.de\/?p=555\"><span style=\"color: #00ccff;\">kultur &amp; medien 21<\/span><\/a><\/p>\n<p><img loading=\"lazy\" decoding=\"async\" class=\"alignnone wp-image-564\" src=\"https:\/\/medienkompetenztag.de\/wp-content\/uploads\/2016\/09\/20161104015812\/kultur-medien-21-1024x670.png\" alt=\"kultur-medien-21\" width=\"124\" height=\"81\" srcset=\"https:\/\/medienkompetenztag.de\/wp-content\/uploads\/2016\/09\/20161104015812\/kultur-medien-21-1024x670.png 1024w, https:\/\/medienkompetenztag.de\/wp-content\/uploads\/2016\/09\/20161104015812\/kultur-medien-21-300x196.png 300w, https:\/\/medienkompetenztag.de\/wp-content\/uploads\/2016\/09\/20161104015812\/kultur-medien-21-768x502.png 768w, https:\/\/medienkompetenztag.de\/wp-content\/uploads\/2016\/09\/20161104015812\/kultur-medien-21.png 1642w\" sizes=\"auto, (max-width: 124px) 100vw, 124px\" \/><\/p>\n","protected":false},"excerpt":{"rendered":"<p>Die digitale Welt &#8230; gibt es seit relativ kurzer Zeit. Deren Geschichte haben wir zu Beginn skizziert. In Freizeit und Arbeit ist der technische Fortschritt nicht mehr weg zu denken. Nun bem\u00fcht sich das Digitale auch unser ganzes Zuhause zu vereinnahmen. Im Workshop haben wir aufgezeigt, welche Folgen dies f\u00fcr den Datenschutz und die Privatsph\u00e4re<a href=\"https:\/\/medienkompetenztag.de\/?p=869\">[&#8230;]<\/a><\/p>\n","protected":false},"author":1,"featured_media":875,"comment_status":"closed","ping_status":"closed","sticky":false,"template":"","format":"standard","meta":{"footnotes":""},"categories":[7],"tags":[],"class_list":["post-869","post","type-post","status-publish","format-standard","has-post-thumbnail","hentry","category-ergebnisse2016"],"_links":{"self":[{"href":"https:\/\/medienkompetenztag.de\/index.php?rest_route=\/wp\/v2\/posts\/869","targetHints":{"allow":["GET"]}}],"collection":[{"href":"https:\/\/medienkompetenztag.de\/index.php?rest_route=\/wp\/v2\/posts"}],"about":[{"href":"https:\/\/medienkompetenztag.de\/index.php?rest_route=\/wp\/v2\/types\/post"}],"author":[{"embeddable":true,"href":"https:\/\/medienkompetenztag.de\/index.php?rest_route=\/wp\/v2\/users\/1"}],"replies":[{"embeddable":true,"href":"https:\/\/medienkompetenztag.de\/index.php?rest_route=%2Fwp%2Fv2%2Fcomments&post=869"}],"version-history":[{"count":8,"href":"https:\/\/medienkompetenztag.de\/index.php?rest_route=\/wp\/v2\/posts\/869\/revisions"}],"predecessor-version":[{"id":911,"href":"https:\/\/medienkompetenztag.de\/index.php?rest_route=\/wp\/v2\/posts\/869\/revisions\/911"}],"wp:featuredmedia":[{"embeddable":true,"href":"https:\/\/medienkompetenztag.de\/index.php?rest_route=\/wp\/v2\/media\/875"}],"wp:attachment":[{"href":"https:\/\/medienkompetenztag.de\/index.php?rest_route=%2Fwp%2Fv2%2Fmedia&parent=869"}],"wp:term":[{"taxonomy":"category","embeddable":true,"href":"https:\/\/medienkompetenztag.de\/index.php?rest_route=%2Fwp%2Fv2%2Fcategories&post=869"},{"taxonomy":"post_tag","embeddable":true,"href":"https:\/\/medienkompetenztag.de\/index.php?rest_route=%2Fwp%2Fv2%2Ftags&post=869"}],"curies":[{"name":"wp","href":"https:\/\/api.w.org\/{rel}","templated":true}]}}