{"id":854,"date":"2016-12-05T11:30:26","date_gmt":"2016-12-05T10:30:26","guid":{"rendered":"https:\/\/medienkompetenztag.de\/?p=854"},"modified":"2017-11-29T15:14:40","modified_gmt":"2017-11-29T14:14:40","slug":"medientag-im-groeni-2","status":"publish","type":"post","link":"https:\/\/medienkompetenztag.de\/?p=854","title":{"rendered":"Medientag im &#8222;Gr\u00f6ni&#8220;"},"content":{"rendered":"<p><a href=\"https:\/\/medienkompetenztag.de\/?p=854\"><span style=\"color: #00ccff;\">Medien vor Ort entdecken<\/span><\/a><\/p>\n<p>Am 23. November 2016 in der Zeit von 14.30 bis 17.30 Uhr veranstalteten die Gesellschaft zur F\u00f6rderung junger Musiker e.V. \u201eaktion musik\u201c und der Deutsche Kinderschutzbund (DKSB) Sachsen-Anhalt e.V. gemeinsam den Tag der Medienkompetenz. Diese Einladung nahmen vor allem Kinder und Familien nach der Flucht an. Sie kamen nicht nur aus Magdeburg, sondern reisten auch aus Genthin an.<\/p>\n<p>Teilnehmende: Ca. 60 Kinder, Jugendliche, Erwachsene. J\u00fcngste TeilnehmerIn &#8211; 2 Jahre, \u00e4ltester Teilnehmer: 72<\/p>\n<p>Erschwerte Bedingungen f\u00fcr die Crew, gleichwohl war die R\u00fcckmeldung der Besucher \u00fcberwiegend positiv. Den interessierten Teilnehmern wurde ein Rundgang durch die Studios im Groeni mit kurzen Vorf\u00fchrungen geboten und zum Teil der M\u00f6glichkeit, sich selbst auszuprobieren. Des Weiteren wurden von Kindern und Jugendliche selbst erstellte Filme\/Videos gezeigt. Eine Darbietung veranschaulichte, welche Funktionalit\u00e4t ein Smartphon hat und was vor nicht allzu langer Zeit an Ger\u00e4ten und Informationstr\u00e4gern erforderlich war um \u00e4hnliches zu erreichen. Spa\u00df hatten kleine und gro\u00dfe Besucher des Gr\u00f6ni vor allem beim &#8222;offline&#8220;- Familienduell, welches ohne Worte auskam: Bilder nach dem Prinzip \u201eDalli klick\u201c zusammenf\u00fcgen, erkennen, welche Einzelteile zu welchem medialen Endger\u00e4t geh\u00f6ren und \u00e4hnliches \u2013 auf die Schnelle ma\u00dfgeschneidert f\u00fcr dieses Publikum.<\/p>\n<p>Die Verabschiedung war quasi eine Verabredung, sich erneut zu treffen und entsprechend der Bedarfe der Familien nach der Flucht Angebote zu entwickeln und ggf. sogar ehrenamtlich mitzuarbeiten.<\/p>\n<p>Den engagierten Mitwirkenden von Aktion Musik e.V. und vom DKSB Sachsen-Anhalt Ortsgruppe Magdeburg ein Riesenkompliment und Dankesch\u00f6n!!!<\/p>\n<p><a href=\"https:\/\/medienkompetenztag.de\/?p=556\"><img loading=\"lazy\" decoding=\"async\" class=\"attachment-full \" src=\"https:\/\/medienkompetenztag.de\/wp-content\/uploads\/58418aca5f2c9.jpg\" srcset=\"https:\/\/medienkompetenztag.de\/wp-content\/uploads\/58418aca5f2c9.jpg 960w, https:\/\/medienkompetenztag.de\/wp-content\/uploads\/58418aca5f2c9-300x225.jpg 300w, https:\/\/medienkompetenztag.de\/wp-content\/uploads\/58418aca5f2c9-768x576.jpg 768w, https:\/\/medienkompetenztag.de\/wp-content\/uploads\/58418aca5f2c9-285x214.jpg 285w\" alt=\"Am 23. November 2016 in der Zeit von 14.30 bis 17.30 Uhr veranstalteten die Gesellschaft zur F\u00f6rderung junger Musiker e.V. \u201eaktion musik\u201c und der Deutsche Kinderschutzbund (DKSB) Sachsen-Anhalt e.V. gemeinsam den Tag der Medienkompetenz. Diese Einladung nahmen vor allem Kinder und Familien nach der Flucht an. Sie kamen nicht nur aus Magdeburg, sondern reisten auch aus Genthin an. Erschwerte Bedingungen f\u00fcr die Crew, gleichwohl war die R\u00fcckmeldung der Besucher \u00fcberwiegend positiv. Den interessierten Teilnehmern wurde ein Rundgang durch die Studios im Groeni mit kurzen Vorf\u00fchrungen geboten und zum Teil der M\u00f6glichkeit, sich selbst auszuprobieren. Des Weiteren wurden von Kindern und Jugendliche selbst erstellte Filme\/Videos gezeigt. Eine Darbietung veranschaulichte, welche Funktionalit\u00e4t ein Smartphon hat und was vor nicht allzu langer Zeit an Ger\u00e4ten und Informationstr\u00e4gern erforderlich war um \u00e4hnliches zu erreichen. Spa\u00df hatten kleine und gro\u00dfe Besucher des Gr\u00f6ni vor allem beim &quot;offline&quot;- Familienduell, welches ohne Worte auskam: Bilder nach dem Prinzip \u201eDalli klick\u201c zusammenf\u00fcgen, erkennen, welche Einzelteile zu welchem medialen Endger\u00e4t geh\u00f6ren und \u00e4hnliches \u2013 auf die Schnelle ma\u00dfgeschneidert f\u00fcr dieses Publikum. Die Verabschiedung war quasi eine Verabredung sich erneut zu treffen und entsprechend der Bedarfe der Familien nach der Flucht Angebote zu entwickeln und ggf. sogar ehrenamtlich mitzuarbeiten. Den engagierten Mitwirkenden von Aktion Musik e.V. und vom DKSB Sachsen-Anhalt Ortsgruppe Magdeburg ein Riesenkompliment und Dankesch\u00f6n!!!\" width=\"531\" height=\"399\" \/><\/a><\/p>\n<p>Unsere Aktion:<br \/>\n<a href=\"https:\/\/medienkompetenztag.de\/?p=556\"><span style=\"color: #00ccff;\">DKSB LV Sachsen-Anhalt e.V.<\/span><br \/>\n<span style=\"color: #00ccff;\">\u00a0in Kooperation mit<br \/>\nAktion Musik e.V.<\/span><\/a><\/p>\n","protected":false},"excerpt":{"rendered":"<p>Medien vor Ort entdecken Am 23. November 2016 in der Zeit von 14.30 bis 17.30 Uhr veranstalteten die Gesellschaft zur F\u00f6rderung junger Musiker e.V. \u201eaktion musik\u201c und der Deutsche Kinderschutzbund (DKSB) Sachsen-Anhalt e.V. gemeinsam den Tag der Medienkompetenz. Diese Einladung nahmen vor allem Kinder und Familien nach der Flucht an. Sie kamen nicht nur aus<a href=\"https:\/\/medienkompetenztag.de\/?p=854\">[&#8230;]<\/a><\/p>\n","protected":false},"author":1,"featured_media":860,"comment_status":"closed","ping_status":"closed","sticky":false,"template":"","format":"standard","meta":{"footnotes":""},"categories":[7],"tags":[],"class_list":["post-854","post","type-post","status-publish","format-standard","has-post-thumbnail","hentry","category-ergebnisse2016"],"_links":{"self":[{"href":"https:\/\/medienkompetenztag.de\/index.php?rest_route=\/wp\/v2\/posts\/854","targetHints":{"allow":["GET"]}}],"collection":[{"href":"https:\/\/medienkompetenztag.de\/index.php?rest_route=\/wp\/v2\/posts"}],"about":[{"href":"https:\/\/medienkompetenztag.de\/index.php?rest_route=\/wp\/v2\/types\/post"}],"author":[{"embeddable":true,"href":"https:\/\/medienkompetenztag.de\/index.php?rest_route=\/wp\/v2\/users\/1"}],"replies":[{"embeddable":true,"href":"https:\/\/medienkompetenztag.de\/index.php?rest_route=%2Fwp%2Fv2%2Fcomments&post=854"}],"version-history":[{"count":3,"href":"https:\/\/medienkompetenztag.de\/index.php?rest_route=\/wp\/v2\/posts\/854\/revisions"}],"predecessor-version":[{"id":862,"href":"https:\/\/medienkompetenztag.de\/index.php?rest_route=\/wp\/v2\/posts\/854\/revisions\/862"}],"wp:featuredmedia":[{"embeddable":true,"href":"https:\/\/medienkompetenztag.de\/index.php?rest_route=\/wp\/v2\/media\/860"}],"wp:attachment":[{"href":"https:\/\/medienkompetenztag.de\/index.php?rest_route=%2Fwp%2Fv2%2Fmedia&parent=854"}],"wp:term":[{"taxonomy":"category","embeddable":true,"href":"https:\/\/medienkompetenztag.de\/index.php?rest_route=%2Fwp%2Fv2%2Fcategories&post=854"},{"taxonomy":"post_tag","embeddable":true,"href":"https:\/\/medienkompetenztag.de\/index.php?rest_route=%2Fwp%2Fv2%2Ftags&post=854"}],"curies":[{"name":"wp","href":"https:\/\/api.w.org\/{rel}","templated":true}]}}