{"id":727,"date":"2016-11-17T11:39:15","date_gmt":"2016-11-17T10:39:15","guid":{"rendered":"https:\/\/medienkompetenztag.de\/?p=727"},"modified":"2017-11-09T17:13:56","modified_gmt":"2017-11-09T16:13:56","slug":"aktuelles-zum-datenschutz-in-der-digitalen-welt","status":"publish","type":"post","link":"https:\/\/medienkompetenztag.de\/?p=727","title":{"rendered":"Datenschutz und Online-Werbung: Neue Herausforderungen f\u00fcr die Medienbildung?"},"content":{"rendered":"<p><img loading=\"lazy\" decoding=\"async\" class=\"alignnone wp-image-741\" src=\"https:\/\/medienkompetenztag.de\/wp-content\/uploads\/Uni2.jpg\" alt=\"uni2\" width=\"339\" height=\"302\" srcset=\"https:\/\/medienkompetenztag.de\/wp-content\/uploads\/Uni2.jpg 843w, https:\/\/medienkompetenztag.de\/wp-content\/uploads\/Uni2-300x267.jpg 300w, https:\/\/medienkompetenztag.de\/wp-content\/uploads\/Uni2-768x683.jpg 768w\" sizes=\"auto, (max-width: 339px) 100vw, 339px\" \/><\/p>\n<p>Veranstalter:<br \/>\n<a href=\"https:\/\/medienkompetenztag.de\/?p=727\"><span style=\"color: #00ccff;\">Institut f\u00fcr Bildung, Beruf und Medien der OvGU Magdeburg in Kooperation mit dem Landesbeauftragten f\u00fcr den Datenschutz Sachsen-Anhalt<\/span><\/a><\/p>\n<p>Veranstaltungsort:<br \/>\nMagdeburg<\/p>\n<p>Art der Aktion:<br \/>\nSeminar<\/p>\n<p>Zielgruppe:<br \/>\nStudentinnen und Studenten<\/p>\n<p>Ansprechpartner:<br \/>\nDr. Harald von Bose, Landesbeauftragten f\u00fcr den Datenschutz Sachsen-Anhalt<br \/>\nProf. Dr. Iske, P\u00e4dagogik und Medienbildung. OvGU<\/p>\n<hr style=\"background-color: #ff4500; height: 1px;\" \/>\n<p>Die Teilnehmenden f\u00fcr die Aktion stehen bereits fest, eine Anmeldung ist leider nicht mehr m\u00f6glich.<\/p>\n<hr style=\"background-color: #ff4500; height: 1px;\" \/>\n<p>13:00 Uhr bis 14:30 Uhr<\/p>\n<p><a href=\"javascript:history.back()\">zur\u00fcck<\/a><\/p>\n","protected":false},"excerpt":{"rendered":"<p>Veranstalter: Institut f\u00fcr Bildung, Beruf und Medien der OvGU Magdeburg in Kooperation mit dem Landesbeauftragten f\u00fcr den Datenschutz Sachsen-Anhalt Veranstaltungsort: Magdeburg Art der Aktion: Seminar Zielgruppe: Studentinnen und Studenten Ansprechpartner: Dr. Harald von Bose, Landesbeauftragten f\u00fcr den Datenschutz Sachsen-Anhalt Prof. Dr. Iske, P\u00e4dagogik und Medienbildung. OvGU Die Teilnehmenden f\u00fcr die Aktion stehen bereits fest, eine<a href=\"https:\/\/medienkompetenztag.de\/?p=727\">[&#8230;]<\/a><\/p>\n","protected":false},"author":2,"featured_media":746,"comment_status":"closed","ping_status":"closed","sticky":false,"template":"","format":"standard","meta":{"footnotes":""},"categories":[6],"tags":[],"class_list":["post-727","post","type-post","status-publish","format-standard","has-post-thumbnail","hentry","category-aktionen2016"],"_links":{"self":[{"href":"https:\/\/medienkompetenztag.de\/index.php?rest_route=\/wp\/v2\/posts\/727","targetHints":{"allow":["GET"]}}],"collection":[{"href":"https:\/\/medienkompetenztag.de\/index.php?rest_route=\/wp\/v2\/posts"}],"about":[{"href":"https:\/\/medienkompetenztag.de\/index.php?rest_route=\/wp\/v2\/types\/post"}],"author":[{"embeddable":true,"href":"https:\/\/medienkompetenztag.de\/index.php?rest_route=\/wp\/v2\/users\/2"}],"replies":[{"embeddable":true,"href":"https:\/\/medienkompetenztag.de\/index.php?rest_route=%2Fwp%2Fv2%2Fcomments&post=727"}],"version-history":[{"count":7,"href":"https:\/\/medienkompetenztag.de\/index.php?rest_route=\/wp\/v2\/posts\/727\/revisions"}],"predecessor-version":[{"id":1014,"href":"https:\/\/medienkompetenztag.de\/index.php?rest_route=\/wp\/v2\/posts\/727\/revisions\/1014"}],"wp:featuredmedia":[{"embeddable":true,"href":"https:\/\/medienkompetenztag.de\/index.php?rest_route=\/wp\/v2\/media\/746"}],"wp:attachment":[{"href":"https:\/\/medienkompetenztag.de\/index.php?rest_route=%2Fwp%2Fv2%2Fmedia&parent=727"}],"wp:term":[{"taxonomy":"category","embeddable":true,"href":"https:\/\/medienkompetenztag.de\/index.php?rest_route=%2Fwp%2Fv2%2Fcategories&post=727"},{"taxonomy":"post_tag","embeddable":true,"href":"https:\/\/medienkompetenztag.de\/index.php?rest_route=%2Fwp%2Fv2%2Ftags&post=727"}],"curies":[{"name":"wp","href":"https:\/\/api.w.org\/{rel}","templated":true}]}}