{"id":707,"date":"2016-11-15T14:32:16","date_gmt":"2016-11-15T13:32:16","guid":{"rendered":"https:\/\/medienkompetenztag.de\/?p=707"},"modified":"2017-11-09T18:08:09","modified_gmt":"2017-11-09T17:08:09","slug":"elternnavigator-medienkompetenz-3","status":"publish","type":"post","link":"https:\/\/medienkompetenztag.de\/?p=707","title":{"rendered":"Elternnavigator &#8222;Medienkompetenz&#8220; #2"},"content":{"rendered":"<p><a href=\"http:\/\/www.msa-online.de\/medienkompetenz\/elternnavigator\/index.html\" target=\"_blank\"><img loading=\"lazy\" decoding=\"async\" class=\"alignnone wp-image-76\" src=\"https:\/\/medienkompetenztag.de\/wp-content\/uploads\/2016\/09\/20160930092137\/flyer-elternnavigator-medienkompetenz-1-1024x488.jpg\" alt=\"flyer-elternnavigator-medienkompetenz-1\" width=\"375\" height=\"179\" srcset=\"https:\/\/medienkompetenztag.de\/wp-content\/uploads\/2016\/09\/20160930092137\/flyer-elternnavigator-medienkompetenz-1-1024x488.jpg 1024w, https:\/\/medienkompetenztag.de\/wp-content\/uploads\/2016\/09\/20160930092137\/flyer-elternnavigator-medienkompetenz-1-300x143.jpg 300w, https:\/\/medienkompetenztag.de\/wp-content\/uploads\/2016\/09\/20160930092137\/flyer-elternnavigator-medienkompetenz-1-768x366.jpg 768w\" sizes=\"auto, (max-width: 375px) 100vw, 375px\" \/><\/a><\/p>\n<p>Veranstalter:<br \/>\n<span style=\"color: #00ccff;\">Medienanstalt Sachsen-Anhalt<\/span><\/p>\n<p>Veranstaltungsort:<br \/>\nHegelstra\u00dfe 5<br \/>\n39104 Magdeburg<\/p>\n<p>Art der Aktion:<br \/>\nthematischer Vortrag<\/p>\n<p>Zielgruppe:<br \/>\nEltern<\/p>\n<p>Ansprechpartner\/-in:<br \/>\nHerr Christian Klisan<\/p>\n<hr style=\"background-color: #ff4500; height: 1px;\" \/>\n<p>Die Teilnehmenden f\u00fcr die Aktion stehen bereits fest, eine Anmeldung ist leider nicht mehr m\u00f6glich.<\/p>\n<hr style=\"background-color: #ff4500; height: 1px;\" \/>\n<p>Die Medienanstalt Sachsen-Anhalt bietet unter dem Titel &#8222;Elternnavigator Medienkompetenz&#8220; thematische Elternabende zur Medienerziehung an.<br \/>\nNahezu alle Kinder und Jugendliche besitzen mittlerweile ein Smartphone und die Nutzung des Internets stellt einen festen Bestandteil des Alltagslebens dar. Dabei dienen die modernen Medien neben Kommunikation und Selbstdarstellung auch dazu sich Informationen zu beschaffen. In diesem Zusammenhang werden eine Vielzahl von Problemen festgestellt: die unbedachte Preisgabe pers\u00f6nlicher Daten, Mobbing und Datenklau. Zudem steht f\u00fcr viele Eltern des \u00f6fteren die Frage im Raum: \u201eWas ist erlaubt, was ist nicht erlaubt?\u201c.<\/p>\n<p>Mit dem thematischen Elternabend greifen die Medienp\u00e4dagog\/innen die angesprochenen Themen wie Nutzung sozialer Netzwerke wie Facebook, WhatsApp oder YouTube aber auch viele weitere Medientrends der Kinder und Jugendlichen auf und wollen Sie als Eltern bei den Herausforderungen, die die Medienwelt tagt\u00e4glich stellt, unterst\u00fctzten.<\/p>\n<p>23.11.2017 von 19.00 bis 20.30 Uhr<\/p>\n<p>Kontakt zum Veranstalter:<br \/>\nMedienanstalt Sachsen-Anhalt<br \/>\nReichardtstra\u00dfe 8\/9<br \/>\n06114 Halle\/Saale<br \/>\n0345 52130<br \/>\n<a href=\"mailto:klisan@msa-online.de\">klisan@msa-online.de<\/a><br \/>\n<a href=\"http:\/\/www.msa-online.de\" target=\"_blank\">www.msa-online.de<\/a><\/p>\n<p><a href=\"javascript:history.back()\">zur\u00fcck<\/a><\/p>\n","protected":false},"excerpt":{"rendered":"<p>Veranstalter: Medienanstalt Sachsen-Anhalt Veranstaltungsort: Hegelstra\u00dfe 5 39104 Magdeburg Art der Aktion: thematischer Vortrag Zielgruppe: Eltern Ansprechpartner\/-in: Herr Christian Klisan Die Teilnehmenden f\u00fcr die Aktion stehen bereits fest, eine Anmeldung ist leider nicht mehr m\u00f6glich. Die Medienanstalt Sachsen-Anhalt bietet unter dem Titel &#8222;Elternnavigator Medienkompetenz&#8220; thematische Elternabende zur Medienerziehung an. Nahezu alle Kinder und Jugendliche besitzen mittlerweile<a href=\"https:\/\/medienkompetenztag.de\/?p=707\">[&#8230;]<\/a><\/p>\n","protected":false},"author":1,"featured_media":713,"comment_status":"closed","ping_status":"closed","sticky":false,"template":"","format":"standard","meta":{"footnotes":""},"categories":[6],"tags":[],"class_list":["post-707","post","type-post","status-publish","format-standard","has-post-thumbnail","hentry","category-aktionen2016"],"_links":{"self":[{"href":"https:\/\/medienkompetenztag.de\/index.php?rest_route=\/wp\/v2\/posts\/707","targetHints":{"allow":["GET"]}}],"collection":[{"href":"https:\/\/medienkompetenztag.de\/index.php?rest_route=\/wp\/v2\/posts"}],"about":[{"href":"https:\/\/medienkompetenztag.de\/index.php?rest_route=\/wp\/v2\/types\/post"}],"author":[{"embeddable":true,"href":"https:\/\/medienkompetenztag.de\/index.php?rest_route=\/wp\/v2\/users\/1"}],"replies":[{"embeddable":true,"href":"https:\/\/medienkompetenztag.de\/index.php?rest_route=%2Fwp%2Fv2%2Fcomments&post=707"}],"version-history":[{"count":4,"href":"https:\/\/medienkompetenztag.de\/index.php?rest_route=\/wp\/v2\/posts\/707\/revisions"}],"predecessor-version":[{"id":1040,"href":"https:\/\/medienkompetenztag.de\/index.php?rest_route=\/wp\/v2\/posts\/707\/revisions\/1040"}],"wp:featuredmedia":[{"embeddable":true,"href":"https:\/\/medienkompetenztag.de\/index.php?rest_route=\/wp\/v2\/media\/713"}],"wp:attachment":[{"href":"https:\/\/medienkompetenztag.de\/index.php?rest_route=%2Fwp%2Fv2%2Fmedia&parent=707"}],"wp:term":[{"taxonomy":"category","embeddable":true,"href":"https:\/\/medienkompetenztag.de\/index.php?rest_route=%2Fwp%2Fv2%2Fcategories&post=707"},{"taxonomy":"post_tag","embeddable":true,"href":"https:\/\/medienkompetenztag.de\/index.php?rest_route=%2Fwp%2Fv2%2Ftags&post=707"}],"curies":[{"name":"wp","href":"https:\/\/api.w.org\/{rel}","templated":true}]}}