{"id":685,"date":"2016-11-15T17:10:04","date_gmt":"2016-11-15T16:10:04","guid":{"rendered":"https:\/\/medienkompetenztag.de\/?p=685"},"modified":"2017-11-09T18:07:35","modified_gmt":"2017-11-09T17:07:35","slug":"facebook-co","status":"publish","type":"post","link":"https:\/\/medienkompetenztag.de\/?p=685","title":{"rendered":"Facebook &#038; Co."},"content":{"rendered":"<p><a href=\"https:\/\/www.bildung-lsa.de\/medienberatung.html\" target=\"_blank\" rel=\"noopener\"><img loading=\"lazy\" decoding=\"async\" class=\"alignnone size-full wp-image-693\" src=\"https:\/\/medienkompetenztag.de\/wp-content\/uploads\/mpb_schmal.png\" alt=\"mpb_schmal\" width=\"256\" height=\"66\" \/><\/a><\/p>\n<p>Veranstalter:<br \/>\n<a href=\"https:\/\/medienkompetenztag.de\/?p=685\"><span style=\"color: #00ccff;\">Medienp\u00e4dagogische Berater &#8211; LISA Halle<\/span><\/a><\/p>\n<p>Veranstaltungsort:<br \/>\nWaldring 111<br \/>\n39340 Haldensleben<\/p>\n<p>Art der Aktion:<br \/>\nSch\u00fclerprojekt Klasse 6<\/p>\n<p>Zielgruppe:<br \/>\nSch\u00fclerinnen und Sch\u00fcler einer 6. Klasse<\/p>\n<p>Ansprechpartner\/-in:<br \/>\nFrau Christine Baran und Martina Gall<\/p>\n<hr style=\"background-color: #ff4500; height: 1px;\" \/>\n<p>Die Teilnehmenden f\u00fcr die Aktion stehen bereits fest, eine Anmeldung ist leider nicht mehr m\u00f6glich.<\/p>\n<hr style=\"background-color: #ff4500; height: 1px;\" \/>\n<p>Die Sch\u00fclerinnen und Sch\u00fcler reflektieren die Nutzung des Internets und ihr Verhalten in sozialen Netzwerken. In einem Projekt mit einer 6. Klasse, wird mit einem Team medienp\u00e4dagogischer Berater ein \u201eNetzwerkspiel\u201c vorbereitet, durchgef\u00fchrt und so ein soziales Netzwerk simuliert. Dieser Teil findet in einem Klassenraum ohne Internet und PC statt. Anschlie\u00dfend werden die Kinder angeleitet, ihre pers\u00f6nlichen Erfahrungen mit sozialen Netzwerken zu reflektieren. Hierzu werden mit einer Online-Software Comic-Sequenzen zum Thema erstellt und in einer Gespr\u00e4chsrunde diskutiert.<\/p>\n<p>23.11.2016 \/ 9.00 Uhr \/ 13.00 Uhr<\/p>\n<p>Kontakt zum Veranstalter:<br \/>\nLandesinstitut f\u00fcr Schulqualit\u00e4t und Lehrerbildung Sachsen-Anhalt (LISA)<br \/>\nRiebeckplatz 9<br \/>\n06110 Halle (Saale)<br \/>\nPostfach 20 08 42<br \/>\n06009 Halle (Saale)<\/p>\n<p>49 (0)345 \/ 2042-0<\/p>\n<p><a href=\"mailto:christine.baran@medienberatung.bildung-lsa.de\">christine.baran@medienberatung.bildung-lsa.de<\/a><\/p>\n<p><a href=\"mailto:martina.gall@medienberatung.bildung-lsa.de\">gall@medienberatung.bildung-lsa.de<\/a><\/p>\n<p><a href=\"http:\/\/www.bildung-lsa.de\/medienberatung.html\" target=\"_blank\" rel=\"noopener\">https:\/\/www.bildung-lsa.de\/medienberatung.html<\/a><\/p>\n<p><a href=\"javascript:history.back()\">zur\u00fcck<\/a><\/p>\n","protected":false},"excerpt":{"rendered":"<p>Veranstalter: Medienp\u00e4dagogische Berater &#8211; LISA Halle Veranstaltungsort: Waldring 111 39340 Haldensleben Art der Aktion: Sch\u00fclerprojekt Klasse 6 Zielgruppe: Sch\u00fclerinnen und Sch\u00fcler einer 6. Klasse Ansprechpartner\/-in: Frau Christine Baran und Martina Gall Die Teilnehmenden f\u00fcr die Aktion stehen bereits fest, eine Anmeldung ist leider nicht mehr m\u00f6glich. Die Sch\u00fclerinnen und Sch\u00fcler reflektieren die Nutzung des Internets<a href=\"https:\/\/medienkompetenztag.de\/?p=685\">[&#8230;]<\/a><\/p>\n","protected":false},"author":1,"featured_media":692,"comment_status":"closed","ping_status":"closed","sticky":false,"template":"","format":"standard","meta":{"footnotes":""},"categories":[6],"tags":[],"class_list":["post-685","post","type-post","status-publish","format-standard","has-post-thumbnail","hentry","category-aktionen2016"],"_links":{"self":[{"href":"https:\/\/medienkompetenztag.de\/index.php?rest_route=\/wp\/v2\/posts\/685","targetHints":{"allow":["GET"]}}],"collection":[{"href":"https:\/\/medienkompetenztag.de\/index.php?rest_route=\/wp\/v2\/posts"}],"about":[{"href":"https:\/\/medienkompetenztag.de\/index.php?rest_route=\/wp\/v2\/types\/post"}],"author":[{"embeddable":true,"href":"https:\/\/medienkompetenztag.de\/index.php?rest_route=\/wp\/v2\/users\/1"}],"replies":[{"embeddable":true,"href":"https:\/\/medienkompetenztag.de\/index.php?rest_route=%2Fwp%2Fv2%2Fcomments&post=685"}],"version-history":[{"count":9,"href":"https:\/\/medienkompetenztag.de\/index.php?rest_route=\/wp\/v2\/posts\/685\/revisions"}],"predecessor-version":[{"id":1036,"href":"https:\/\/medienkompetenztag.de\/index.php?rest_route=\/wp\/v2\/posts\/685\/revisions\/1036"}],"wp:featuredmedia":[{"embeddable":true,"href":"https:\/\/medienkompetenztag.de\/index.php?rest_route=\/wp\/v2\/media\/692"}],"wp:attachment":[{"href":"https:\/\/medienkompetenztag.de\/index.php?rest_route=%2Fwp%2Fv2%2Fmedia&parent=685"}],"wp:term":[{"taxonomy":"category","embeddable":true,"href":"https:\/\/medienkompetenztag.de\/index.php?rest_route=%2Fwp%2Fv2%2Fcategories&post=685"},{"taxonomy":"post_tag","embeddable":true,"href":"https:\/\/medienkompetenztag.de\/index.php?rest_route=%2Fwp%2Fv2%2Ftags&post=685"}],"curies":[{"name":"wp","href":"https:\/\/api.w.org\/{rel}","templated":true}]}}