{"id":654,"date":"2016-11-14T10:39:10","date_gmt":"2016-11-14T09:39:10","guid":{"rendered":"https:\/\/medienkompetenztag.de\/?p=654"},"modified":"2017-11-09T18:08:38","modified_gmt":"2017-11-09T17:08:38","slug":"gefangen-in-der-flimmerkiste","status":"publish","type":"post","link":"https:\/\/medienkompetenztag.de\/?p=654","title":{"rendered":"Gefangen in der Flimmerkiste"},"content":{"rendered":"<p><a href=\"http:\/\/www.wettintv.de\" target=\"_blank\"><img loading=\"lazy\" decoding=\"async\" class=\"alignnone wp-image-665\" src=\"https:\/\/medienkompetenztag.de\/wp-content\/uploads\/wtv-logo-1-1024x269.jpg\" alt=\"wtv-logo\" width=\"358\" height=\"94\" srcset=\"https:\/\/medienkompetenztag.de\/wp-content\/uploads\/wtv-logo-1-1024x269.jpg 1024w, https:\/\/medienkompetenztag.de\/wp-content\/uploads\/wtv-logo-1-300x79.jpg 300w, https:\/\/medienkompetenztag.de\/wp-content\/uploads\/wtv-logo-1-768x201.jpg 768w\" sizes=\"auto, (max-width: 358px) 100vw, 358px\" \/><\/a><\/p>\n<p>Veranstalter:<br \/>\n<a href=\"https:\/\/medienkompetenztag.de\/?p=654\" target=\"_blank\"><span style=\"color: #00ccff;\">WTV &#8211; Der Offener Kanal aus Wettin e.V.<\/span><\/a><\/p>\n<p>Veranstaltungsort:<br \/>\nLange Reihe 49<br \/>\n06193 Wettin-L\u00f6bej\u00fcn OT Wettin<\/p>\n<p>Art der Aktion:<br \/>\nthematischer Workshop, \u201eTag der offenen T\u00fcr\u201c an der Einrichtung f\u00fcr alle Interessenten als Einblick in die t\u00e4gliche Arbeit<\/p>\n<p>Zielgruppe:<br \/>\nJeder Interessierte<\/p>\n<p>Ansprechpartner\/-in:<br \/>\nHerr Jens Rudolph<\/p>\n<hr style=\"background-color: #ff4500; height: 1px;\" \/>\n<p>Wir begr\u00fc\u00dfen Sie am 23. November 2016 zu unserem Aktionsangebot. Eine Anmeldung ist nicht erforderlich.<\/p>\n<hr style=\"background-color: #ff4500; height: 1px;\" \/>\n<p>Dieser Tag gew\u00e4hrt Interessierten Einblick in die Produktion von modernen Medienbeitr\u00e4gen. In einem ersten Workshop werden zun\u00e4chst Kamera- und Schnitttechnik erkl\u00e4rt. Im Anschluss wird demonstriert wie Greenscreen-Aufnahmen funktionieren bzw. welche besonderen Anforderungen diese an eine Medienproduktion stellen. Jeder Besucher des Offenen Kanals Wettin kann einmal selbst erleben, wie es ist im Scheinwerferlicht eines solchen Setups zu agieren. Der zweite Workshop besch\u00e4ftigt sich mit den Stopp-Trick Verfahren und zeigt, wie ohne gro\u00dfen technischen Aufwand eigene Trickfilme mit dem Smartphone oder einem Tablet PC realisiert werden k\u00f6nnen. Die Workshops finden kontinuierlich von 10:00-15:00 statt.<\/p>\n<p>Alle Besucher erhalten einen Einblick in die allt\u00e4gliche Arbeit unseres Fernsehsenders und k\u00f6nnen sich \u00fcber alle medienp\u00e4dagogischen Projekte informieren.<\/p>\n<p>23.11.2016\/10:00\/15:00<\/p>\n<p>Kontakt zum Veranstalter:<br \/>\nWTV &#8211; Der Offene Kanal aus Wettin e.V.<br \/>\nLange Reihe 49<br \/>\n06193 Wettin-L\u00f6bej\u00fcn<br \/>\nOT Wettin<br \/>\n034607 21738<br \/>\n<a href=\"mailto:info@wettintv.de\">info@wettintv.de<\/a><br \/>\n<a href=\"http:\/\/www.wettintv.de\" target=\"_blank\">www.wettintv.de<\/a><\/p>\n<p><a href=\"javascript:history.back()\">zur\u00fcck<\/a><\/p>\n","protected":false},"excerpt":{"rendered":"<p>Veranstalter: WTV &#8211; Der Offener Kanal aus Wettin e.V. Veranstaltungsort: Lange Reihe 49 06193 Wettin-L\u00f6bej\u00fcn OT Wettin Art der Aktion: thematischer Workshop, \u201eTag der offenen T\u00fcr\u201c an der Einrichtung f\u00fcr alle Interessenten als Einblick in die t\u00e4gliche Arbeit Zielgruppe: Jeder Interessierte Ansprechpartner\/-in: Herr Jens Rudolph Wir begr\u00fc\u00dfen Sie am 23. November 2016 zu unserem Aktionsangebot.<a href=\"https:\/\/medienkompetenztag.de\/?p=654\">[&#8230;]<\/a><\/p>\n","protected":false},"author":1,"featured_media":679,"comment_status":"closed","ping_status":"closed","sticky":false,"template":"","format":"standard","meta":{"footnotes":""},"categories":[6],"tags":[],"class_list":["post-654","post","type-post","status-publish","format-standard","has-post-thumbnail","hentry","category-aktionen2016"],"_links":{"self":[{"href":"https:\/\/medienkompetenztag.de\/index.php?rest_route=\/wp\/v2\/posts\/654","targetHints":{"allow":["GET"]}}],"collection":[{"href":"https:\/\/medienkompetenztag.de\/index.php?rest_route=\/wp\/v2\/posts"}],"about":[{"href":"https:\/\/medienkompetenztag.de\/index.php?rest_route=\/wp\/v2\/types\/post"}],"author":[{"embeddable":true,"href":"https:\/\/medienkompetenztag.de\/index.php?rest_route=\/wp\/v2\/users\/1"}],"replies":[{"embeddable":true,"href":"https:\/\/medienkompetenztag.de\/index.php?rest_route=%2Fwp%2Fv2%2Fcomments&post=654"}],"version-history":[{"count":6,"href":"https:\/\/medienkompetenztag.de\/index.php?rest_route=\/wp\/v2\/posts\/654\/revisions"}],"predecessor-version":[{"id":1043,"href":"https:\/\/medienkompetenztag.de\/index.php?rest_route=\/wp\/v2\/posts\/654\/revisions\/1043"}],"wp:featuredmedia":[{"embeddable":true,"href":"https:\/\/medienkompetenztag.de\/index.php?rest_route=\/wp\/v2\/media\/679"}],"wp:attachment":[{"href":"https:\/\/medienkompetenztag.de\/index.php?rest_route=%2Fwp%2Fv2%2Fmedia&parent=654"}],"wp:term":[{"taxonomy":"category","embeddable":true,"href":"https:\/\/medienkompetenztag.de\/index.php?rest_route=%2Fwp%2Fv2%2Fcategories&post=654"},{"taxonomy":"post_tag","embeddable":true,"href":"https:\/\/medienkompetenztag.de\/index.php?rest_route=%2Fwp%2Fv2%2Ftags&post=654"}],"curies":[{"name":"wp","href":"https:\/\/api.w.org\/{rel}","templated":true}]}}