{"id":616,"date":"2016-11-09T15:16:22","date_gmt":"2016-11-09T14:16:22","guid":{"rendered":"https:\/\/medienkompetenztag.de\/?p=616"},"modified":"2017-11-09T18:09:41","modified_gmt":"2017-11-09T17:09:41","slug":"informationsstand-zur-medienkompetenz-im-rahmen-der-fachtagung-barrierefreiheit-und-inklussion-im-landkreis-stendal","status":"publish","type":"post","link":"https:\/\/medienkompetenztag.de\/?p=616","title":{"rendered":"Informationsstand zur Medienkompetenz im Rahmen der Fachtagung Barrierefreiheit und Inklusion im Landkreis Stendal"},"content":{"rendered":"<p>Veranstalter:<br \/>\n<a href=\"https:\/\/medienkompetenztag.de\/?p=616\"><span style=\"color: #00ccff;\">Stendaler Fernsehen &#8211; OFFENER KANAL e.V.<\/span><\/a><\/p>\n<p>Veranstaltungsort:<br \/>\nHospital Stra\u00dfe 1 &#8211; 2<br \/>\n39576 Hansestadt Stendal<\/p>\n<p>Art der Aktion:<br \/>\nInfostand<\/p>\n<p>Zielgruppe:<br \/>\nBetroffene<\/p>\n<p>Ansprechpartner\/-in:<br \/>\nHerr Andreas Bredow<\/p>\n<hr style=\"background-color: #ff4500; height: 1px;\" \/>\n<p>Sie m\u00fcssen sich f\u00fcr diese Aktion anmelden. Bitte nehmen Sie mit mir\/mit uns Kontakt auf!<\/p>\n<hr style=\"background-color: #ff4500; height: 1px;\" \/>\n<p>Betroffene lernen das Medium B\u00fcrgerfernsehen kennen und werden auf die Nutzungsm\u00f6glichkeiten aufmerksam gemacht, um so auf ihre Handycups und Barrieren mit diesem Medium hin zu weisen und sie \u00f6ffentlichkeitswirksamer darzustellen.<\/p>\n<p>23.11.2016\/14.00 Uhr bis 17.30 Uhr<\/p>\n<p>Kontakt zum Veranstalter:<br \/>\nLandratsamt Stendal<br \/>\nHospital Stra\u00dfe 1 &#8211; 2<br \/>\n39576 Hansestadt Stendal<\/p>\n<p>Veranstalter:<br \/>\nBehindertenbeirat des Landkreises Stendal<br \/>\nmit Organisation:<br \/>\nStendaler Fernsehen &#8211; OFFENER KANAL e.V.<br \/>\n03931\/700033<br \/>\n<a href=\"mailto:info@ok-stendal.de\">info@ok-stendal.de<\/a><br \/>\n<a href=\"http:\/\/www.ok-stendal.de\" target=\"_blank\">www.ok-stendal.de<\/a><\/p>\n<p><a href=\"javascript:history.back()\">zur\u00fcck<\/a><\/p>\n","protected":false},"excerpt":{"rendered":"<p>Veranstalter: Stendaler Fernsehen &#8211; OFFENER KANAL e.V. Veranstaltungsort: Hospital Stra\u00dfe 1 &#8211; 2 39576 Hansestadt Stendal Art der Aktion: Infostand Zielgruppe: Betroffene Ansprechpartner\/-in: Herr Andreas Bredow Sie m\u00fcssen sich f\u00fcr diese Aktion anmelden. Bitte nehmen Sie mit mir\/mit uns Kontakt auf! Betroffene lernen das Medium B\u00fcrgerfernsehen kennen und werden auf die Nutzungsm\u00f6glichkeiten aufmerksam gemacht, um<a href=\"https:\/\/medienkompetenztag.de\/?p=616\">[&#8230;]<\/a><\/p>\n","protected":false},"author":1,"featured_media":624,"comment_status":"closed","ping_status":"closed","sticky":false,"template":"","format":"standard","meta":{"footnotes":""},"categories":[6],"tags":[],"class_list":["post-616","post","type-post","status-publish","format-standard","has-post-thumbnail","hentry","category-aktionen2016"],"_links":{"self":[{"href":"https:\/\/medienkompetenztag.de\/index.php?rest_route=\/wp\/v2\/posts\/616","targetHints":{"allow":["GET"]}}],"collection":[{"href":"https:\/\/medienkompetenztag.de\/index.php?rest_route=\/wp\/v2\/posts"}],"about":[{"href":"https:\/\/medienkompetenztag.de\/index.php?rest_route=\/wp\/v2\/types\/post"}],"author":[{"embeddable":true,"href":"https:\/\/medienkompetenztag.de\/index.php?rest_route=\/wp\/v2\/users\/1"}],"replies":[{"embeddable":true,"href":"https:\/\/medienkompetenztag.de\/index.php?rest_route=%2Fwp%2Fv2%2Fcomments&post=616"}],"version-history":[{"count":5,"href":"https:\/\/medienkompetenztag.de\/index.php?rest_route=\/wp\/v2\/posts\/616\/revisions"}],"predecessor-version":[{"id":1047,"href":"https:\/\/medienkompetenztag.de\/index.php?rest_route=\/wp\/v2\/posts\/616\/revisions\/1047"}],"wp:featuredmedia":[{"embeddable":true,"href":"https:\/\/medienkompetenztag.de\/index.php?rest_route=\/wp\/v2\/media\/624"}],"wp:attachment":[{"href":"https:\/\/medienkompetenztag.de\/index.php?rest_route=%2Fwp%2Fv2%2Fmedia&parent=616"}],"wp:term":[{"taxonomy":"category","embeddable":true,"href":"https:\/\/medienkompetenztag.de\/index.php?rest_route=%2Fwp%2Fv2%2Fcategories&post=616"},{"taxonomy":"post_tag","embeddable":true,"href":"https:\/\/medienkompetenztag.de\/index.php?rest_route=%2Fwp%2Fv2%2Ftags&post=616"}],"curies":[{"name":"wp","href":"https:\/\/api.w.org\/{rel}","templated":true}]}}