{"id":578,"date":"2016-11-08T10:11:22","date_gmt":"2016-11-08T09:11:22","guid":{"rendered":"https:\/\/medienkompetenztag.de\/?p=578"},"modified":"2017-11-09T18:09:56","modified_gmt":"2017-11-09T17:09:56","slug":"kleine-leute-machen-fernsehen","status":"publish","type":"post","link":"https:\/\/medienkompetenztag.de\/?p=578","title":{"rendered":"Kleine Leute machen Fernsehen"},"content":{"rendered":"<p><a href=\"http:\/\/www.ok-salzwedel.de\" target=\"_blank\"><img loading=\"lazy\" decoding=\"async\" class=\"alignnone size-medium wp-image-582\" src=\"https:\/\/medienkompetenztag.de\/wp-content\/uploads\/2016\/09\/20161108091121\/grundsch\u00fcler-im-oks-300x300.jpg\" alt=\"grundsch\u00fcler-im-oks\" width=\"300\" height=\"300\" srcset=\"https:\/\/medienkompetenztag.de\/wp-content\/uploads\/2016\/09\/20161108091121\/grundsch\u00fcler-im-oks-300x300.jpg 300w, https:\/\/medienkompetenztag.de\/wp-content\/uploads\/2016\/09\/20161108091121\/grundsch\u00fcler-im-oks-150x150.jpg 150w, https:\/\/medienkompetenztag.de\/wp-content\/uploads\/2016\/09\/20161108091121\/grundsch\u00fcler-im-oks-768x768.jpg 768w, https:\/\/medienkompetenztag.de\/wp-content\/uploads\/2016\/09\/20161108091121\/grundsch\u00fcler-im-oks-1024x1024.jpg 1024w, https:\/\/medienkompetenztag.de\/wp-content\/uploads\/2016\/09\/20161108091121\/grundsch\u00fcler-im-oks-250x250.jpg 250w, https:\/\/medienkompetenztag.de\/wp-content\/uploads\/2016\/09\/20161108091121\/grundsch\u00fcler-im-oks-174x174.jpg 174w\" sizes=\"auto, (max-width: 300px) 100vw, 300px\" \/><\/a><\/p>\n<p>Veranstalter:<br \/>\n<a href=\"https:\/\/medienkompetenztag.de\/?p=578\"><span style=\"color: #00ccff;\">Offener Kanal Salzwedel<\/span><\/a><\/p>\n<p>Veranstaltungsort:<br \/>\nAltperverstra\u00dfe 23<br \/>\n29410 Salzwedel<\/p>\n<p>Art der Aktion:<br \/>\nGrundsch\u00fcler im Offenen Kanal Salzwedel<\/p>\n<p>Zielgruppe:<br \/>\nGrundsch\u00fcler_innen der Perver-Grundschule Salzwedel<\/p>\n<p>Ansprechpartner\/-in:<br \/>\nFrau Beate Wendt<\/p>\n<hr style=\"background-color: #ff4500; height: 1px;\" \/>\n<p>Die Teilnehmenden f\u00fcr die Aktion stehen bereits fest, eine Anmeldung ist leider nicht mehr m\u00f6glich.<\/p>\n<hr style=\"background-color: #ff4500; height: 1px;\" \/>\n<p>Sch\u00fcler und Sch\u00fclerinnen der Perver-Grundschule Salzwedel organisieren derzeit einen Adventsbasar an ihrer Schule. Eine von vielen aktiven Beteiligungen der Sch\u00fcler an der Gestaltung des schulichen Alltags. Diese Aktivit\u00e4ten sollen nicht unbemerkt bleiben und werden von einem Grunschul-TV-Team mit der Kamera dokumentiert. Jungen und M\u00e4dchen der vierten Klassen bereiten sich im Offenen Kanal Salzwedel darauf vor, am Veranstaltungstag mit Kamera und Mikrofon vor Ort zu sein und das Geschehen in Bild und Ton festzuhalten.<\/p>\n<p>Mit Begeisterung lernen die Kinder im Offenen Kanal, wie bewegtes Bild entsteht, werden kreativ und entdecken ihre Talente f\u00fcr die vielseitigen Aufgaben in einem solchen Medien-Projekt.<\/p>\n<p>23.11.2016 von 10 bis 12 Uhr<\/p>\n<p>Kontakt zum Veranstalter:<br \/>\nOffener Kanal Salzwedel<br \/>\nAltperverstra\u00dfe 23<br \/>\n29410 Salzwedel<br \/>\n03901 47 29 50<br \/>\n<a href=\"mailto:info@ok-salzwedel.de\">info@ok-salzwedel.de<\/a><br \/>\n<a href=\"http:\/\/www.ok-salzwedel.de\" target=\"_blank\">www.ok-salzwedel.de<\/a><\/p>\n<p><a href=\"javascript:history.back()\">zur\u00fcck<\/a><\/p>\n","protected":false},"excerpt":{"rendered":"<p>Veranstalter: Offener Kanal Salzwedel Veranstaltungsort: Altperverstra\u00dfe 23 29410 Salzwedel Art der Aktion: Grundsch\u00fcler im Offenen Kanal Salzwedel Zielgruppe: Grundsch\u00fcler_innen der Perver-Grundschule Salzwedel Ansprechpartner\/-in: Frau Beate Wendt Die Teilnehmenden f\u00fcr die Aktion stehen bereits fest, eine Anmeldung ist leider nicht mehr m\u00f6glich. Sch\u00fcler und Sch\u00fclerinnen der Perver-Grundschule Salzwedel organisieren derzeit einen Adventsbasar an ihrer Schule. Eine<a href=\"https:\/\/medienkompetenztag.de\/?p=578\">[&#8230;]<\/a><\/p>\n","protected":false},"author":1,"featured_media":590,"comment_status":"closed","ping_status":"closed","sticky":false,"template":"","format":"standard","meta":{"footnotes":""},"categories":[6],"tags":[],"class_list":["post-578","post","type-post","status-publish","format-standard","has-post-thumbnail","hentry","category-aktionen2016"],"_links":{"self":[{"href":"https:\/\/medienkompetenztag.de\/index.php?rest_route=\/wp\/v2\/posts\/578","targetHints":{"allow":["GET"]}}],"collection":[{"href":"https:\/\/medienkompetenztag.de\/index.php?rest_route=\/wp\/v2\/posts"}],"about":[{"href":"https:\/\/medienkompetenztag.de\/index.php?rest_route=\/wp\/v2\/types\/post"}],"author":[{"embeddable":true,"href":"https:\/\/medienkompetenztag.de\/index.php?rest_route=\/wp\/v2\/users\/1"}],"replies":[{"embeddable":true,"href":"https:\/\/medienkompetenztag.de\/index.php?rest_route=%2Fwp%2Fv2%2Fcomments&post=578"}],"version-history":[{"count":7,"href":"https:\/\/medienkompetenztag.de\/index.php?rest_route=\/wp\/v2\/posts\/578\/revisions"}],"predecessor-version":[{"id":1049,"href":"https:\/\/medienkompetenztag.de\/index.php?rest_route=\/wp\/v2\/posts\/578\/revisions\/1049"}],"wp:featuredmedia":[{"embeddable":true,"href":"https:\/\/medienkompetenztag.de\/index.php?rest_route=\/wp\/v2\/media\/590"}],"wp:attachment":[{"href":"https:\/\/medienkompetenztag.de\/index.php?rest_route=%2Fwp%2Fv2%2Fmedia&parent=578"}],"wp:term":[{"taxonomy":"category","embeddable":true,"href":"https:\/\/medienkompetenztag.de\/index.php?rest_route=%2Fwp%2Fv2%2Fcategories&post=578"},{"taxonomy":"post_tag","embeddable":true,"href":"https:\/\/medienkompetenztag.de\/index.php?rest_route=%2Fwp%2Fv2%2Ftags&post=578"}],"curies":[{"name":"wp","href":"https:\/\/api.w.org\/{rel}","templated":true}]}}