{"id":577,"date":"2016-11-07T14:41:55","date_gmt":"2016-11-07T13:41:55","guid":{"rendered":"https:\/\/medienkompetenztag.de\/?p=577"},"modified":"2017-11-09T18:10:05","modified_gmt":"2017-11-09T17:10:05","slug":"tag-der-fernsehmacher-von-morgen","status":"publish","type":"post","link":"https:\/\/medienkompetenztag.de\/?p=577","title":{"rendered":"Tag der &#8222;Fernsehmacher von morgen&#8220;"},"content":{"rendered":"<p><a href=\"http:\/\/www.ok-wernigerode.de\" target=\"_blank\"><img loading=\"lazy\" decoding=\"async\" class=\"alignnone size-medium wp-image-584\" src=\"https:\/\/medienkompetenztag.de\/wp-content\/uploads\/2016\/09\/20161107134154\/okwr-300x169.jpg\" alt=\"okwr\" width=\"300\" height=\"169\" srcset=\"https:\/\/medienkompetenztag.de\/wp-content\/uploads\/2016\/09\/20161107134154\/okwr-300x169.jpg 300w, https:\/\/medienkompetenztag.de\/wp-content\/uploads\/2016\/09\/20161107134154\/okwr.jpg 768w\" sizes=\"auto, (max-width: 300px) 100vw, 300px\" \/><\/a><\/p>\n<p>Veranstalter:<br \/>\n<a href=\"https:\/\/medienkompetenztag.de\/?p=577\"><span style=\"color: #00ccff;\">Offener Kanal<br \/>\nWernigerode e.V.<\/span><\/a><\/p>\n<p>Veranstaltungsort:<br \/>\nRudolf Breitscheid Stra\u00dfe 19<br \/>\n38855 Wernigerode<\/p>\n<p>Aktionen:<br \/>\nthematischer Workshop, \u201eTag der offenen T\u00fcr\u201c an der Einrichtung f\u00fcr alle Interessenten als Einblick in die t\u00e4gliche Arbeit u.a. (siehe Beitrag)<\/p>\n<p>Zielgruppe:<br \/>\nKinder und Jugendliche, P\u00e4dagogen, Sozialarbeiter<\/p>\n<hr style=\"background-color: #ff4500; height: 1px;\" \/>\n<p>Wir begr\u00fc\u00dfen Sie am 23. November 2016 zu unserem Aktionsangebot. Eine Anmeldung ist nicht erforderlich.<\/p>\n<hr style=\"background-color: #ff4500; height: 1px;\" \/>\n<p>Ansprechpartner\/-in:<br \/>\nFrau Petra Zaretzke<\/p>\n<p>Vorstellung aller medienp\u00e4dagogischer Projekte in Zusammenarbeit mit diversen Schulen und Instituten als Tag der offenen T\u00fcr.<\/p>\n<p>\u00dcber den Tag hinweg Liveschaltungen zu den verschidensten Aktivit\u00e4ten, w.z.B. Talk von Jugendlichen \u00fcber politische Themen, Vorstellung der eigenen Schule, Projekt &#8222;Klappe auf&#8220; &#8211; JugendTV im Harzkreis mit Unterst\u00fctzung von Aktion Mensch, Studenten und ihre Rechte &#8211; ein Diskussion.<\/p>\n<p>Art der Aktion:<br \/>\nthematischer Workshop, thematischer Vortrag, Gespr\u00e4chsrunde\/Diskussionsrunde, \u201eTag der offenen T\u00fcr\u201c an der Einrichtung f\u00fcr alle Interessenten als Einblick in die t\u00e4gliche Arbeit<\/p>\n<p>23.11.2016 von 10 bis 18 Uhr<\/p>\n<p>Kontakt zum Veranstalter:<br \/>\nOffener Kanal Wernigerode e.V.<br \/>\nRudolf-Breitscheid-Stra\u00dfe 19<br \/>\n38855 Wernigerode<br \/>\n03943 606808<br \/>\n<a href=\"mailto:tv@ok-wernigerode.de\">tv@ok-wernigerode.de<\/a><br \/>\n<a href=\"http:\/\/www.ok-wernigerode.de\" target=\"_blank\">www.ok-wernigerode.de<\/a><\/p>\n<p>Hinweise und Anmerkungen des Veranstalters:<br \/>\nDie ehrenamtliche und offene Programmproduktion als das zentrale Merkmal des Offenen Kanal Wernigerode e.V. \u2013 B\u00fcrgerfernsehen \u2013 ist seit jeher mit der Vermittlung von Medienkompetenz untrennbar verbunden.<br \/>\nGerade auch in den vielf\u00e4ltigen Kooperationen mit Dritten sind wir heute als praxisorientiertes Medienkompetenzzentrum profiliert.<br \/>\nDie F\u00f6rderung der Jugendlichen erfolgt in medienpolitischen und sozialen Bereichen durch spezielle Projekte.<br \/>\nMedienfreiheit und Medienvielfalt als Schl\u00fcsselworte f\u00fcr Recht auf Mitbestimmung und freie Meinungs\u00e4u\u00dferung.<br \/>\nEngagement an sozialen Projekten und Austausch mit anderen &#8222;Fernsehmachern von morgen&#8220; z.B. durch landes- und europaweite Ausschreibungen von B\u00fcrgermedienpreisen.<br \/>\nDass im Offene Kanal Wernigerode e.V. qualitativ hochwertige medienp\u00e4dagogische Arbeit stattfindet, zeigen erhaltene Pr\u00e4mierungen beim Europa-Medien-Preis oder dem Jugendvideopreis in Sachsen-Anhalt.<\/p>\n<p><a href=\"javascript:history.back()\">zur\u00fcck<\/a><\/p>\n","protected":false},"excerpt":{"rendered":"<p>Veranstalter: Offener Kanal Wernigerode e.V. Veranstaltungsort: Rudolf Breitscheid Stra\u00dfe 19 38855 Wernigerode Aktionen: thematischer Workshop, \u201eTag der offenen T\u00fcr\u201c an der Einrichtung f\u00fcr alle Interessenten als Einblick in die t\u00e4gliche Arbeit u.a. (siehe Beitrag) Zielgruppe: Kinder und Jugendliche, P\u00e4dagogen, Sozialarbeiter Wir begr\u00fc\u00dfen Sie am 23. November 2016 zu unserem Aktionsangebot. Eine Anmeldung ist nicht erforderlich.<a href=\"https:\/\/medienkompetenztag.de\/?p=577\">[&#8230;]<\/a><\/p>\n","protected":false},"author":1,"featured_media":583,"comment_status":"closed","ping_status":"closed","sticky":false,"template":"","format":"standard","meta":{"footnotes":""},"categories":[6],"tags":[],"class_list":["post-577","post","type-post","status-publish","format-standard","has-post-thumbnail","hentry","category-aktionen2016"],"_links":{"self":[{"href":"https:\/\/medienkompetenztag.de\/index.php?rest_route=\/wp\/v2\/posts\/577","targetHints":{"allow":["GET"]}}],"collection":[{"href":"https:\/\/medienkompetenztag.de\/index.php?rest_route=\/wp\/v2\/posts"}],"about":[{"href":"https:\/\/medienkompetenztag.de\/index.php?rest_route=\/wp\/v2\/types\/post"}],"author":[{"embeddable":true,"href":"https:\/\/medienkompetenztag.de\/index.php?rest_route=\/wp\/v2\/users\/1"}],"replies":[{"embeddable":true,"href":"https:\/\/medienkompetenztag.de\/index.php?rest_route=%2Fwp%2Fv2%2Fcomments&post=577"}],"version-history":[{"count":17,"href":"https:\/\/medienkompetenztag.de\/index.php?rest_route=\/wp\/v2\/posts\/577\/revisions"}],"predecessor-version":[{"id":1050,"href":"https:\/\/medienkompetenztag.de\/index.php?rest_route=\/wp\/v2\/posts\/577\/revisions\/1050"}],"wp:featuredmedia":[{"embeddable":true,"href":"https:\/\/medienkompetenztag.de\/index.php?rest_route=\/wp\/v2\/media\/583"}],"wp:attachment":[{"href":"https:\/\/medienkompetenztag.de\/index.php?rest_route=%2Fwp%2Fv2%2Fmedia&parent=577"}],"wp:term":[{"taxonomy":"category","embeddable":true,"href":"https:\/\/medienkompetenztag.de\/index.php?rest_route=%2Fwp%2Fv2%2Fcategories&post=577"},{"taxonomy":"post_tag","embeddable":true,"href":"https:\/\/medienkompetenztag.de\/index.php?rest_route=%2Fwp%2Fv2%2Ftags&post=577"}],"curies":[{"name":"wp","href":"https:\/\/api.w.org\/{rel}","templated":true}]}}