{"id":555,"date":"2016-11-04T02:58:12","date_gmt":"2016-11-04T01:58:12","guid":{"rendered":"https:\/\/medienkompetenztag.de\/?p=555"},"modified":"2017-11-09T18:11:53","modified_gmt":"2017-11-09T17:11:53","slug":"digital-ist-besser-ich-weiss-jetzt-was-was-du-nicht-weisst-und-das-ist","status":"publish","type":"post","link":"https:\/\/medienkompetenztag.de\/?p=555","title":{"rendered":"Digital ist besser!? &#8211; Ich wei\u00df jetzt was, was Du nicht wei\u00dft und das ist&#8230;"},"content":{"rendered":"<p><a href=\"http:\/\/www.kulturundmedien21.de\" target=\"_blank\" rel=\"noopener\"><img loading=\"lazy\" decoding=\"async\" class=\"alignnone size-medium wp-image-564\" src=\"https:\/\/medienkompetenztag.de\/wp-content\/uploads\/2016\/09\/20161104015812\/kultur-medien-21-300x196.png\" alt=\"kultur-medien-21\" width=\"300\" height=\"196\" srcset=\"https:\/\/medienkompetenztag.de\/wp-content\/uploads\/2016\/09\/20161104015812\/kultur-medien-21-300x196.png 300w, https:\/\/medienkompetenztag.de\/wp-content\/uploads\/2016\/09\/20161104015812\/kultur-medien-21-768x502.png 768w, https:\/\/medienkompetenztag.de\/wp-content\/uploads\/2016\/09\/20161104015812\/kultur-medien-21-1024x670.png 1024w, https:\/\/medienkompetenztag.de\/wp-content\/uploads\/2016\/09\/20161104015812\/kultur-medien-21.png 1642w\" sizes=\"auto, (max-width: 300px) 100vw, 300px\" \/><\/a><\/p>\n<p>Veranstalter:<br \/>\n<a href=\"https:\/\/medienkompetenztag.de\/?p=555\"><span style=\"color: #00ccff;\">kultur &amp; medien 21<\/span><\/a><\/p>\n<p>Veranstaltungsort:<\/p>\n<p>Rudolf-Haym-Stra\u00dfe 14<br \/>\n06110 Halle<\/p>\n<p>Aktionen:<br \/>\nthematischer Workshop, Gespr\u00e4chsrunde\/Diskussionsrunde, Ausstellung<\/p>\n<p>Zielgruppe:<br \/>\nAlle Interessierten mit Voranmeldung sind herzlich willkommen.<\/p>\n<hr style=\"background-color: #ff4500; height: 1px;\" \/>\n<p>Sie m\u00fcssen sich f\u00fcr diese Aktion anmelden. Bitte nehmen Sie mit mir\/mit uns Kontakt auf!<\/p>\n<hr style=\"background-color: #ff4500; height: 1px;\" \/>\n<p>Ansprechpartner\/-in:<br \/>\nHerr Oliver Zweinig<\/p>\n<p>Interessant! Mein digitaler Ortungsdienst sagt: Immer da wo ich bin ist der Mittelpunkt der Welt. Ob Auto, K\u00fchlschrank oder Familie, es gehen mir immer mehr Fragen auf zweiter &#8211; digitaler &#8211; Ebene durch den Kopf. Aber was hei\u00dft das f\u00fcr mich und mein &#8222;Smart-Live&#8220;? Wo habe ich Kontrolle \u00fcber meine Wissens-Comfort-Zone? Digitale Welt: Seit ich Dich kenne hab ich keine Ruhe mehr und lass Dich nie wieder los! Wir durchst\u00f6bern und erforschen den digitalen Markt ganz konsequent gemeinsam.<\/p>\n<p>Mittwoch, den 23. November 2016 18:30 bis 20:30<\/p>\n<p>Kontakt zum Veranstalter:<br \/>\nkultur &amp; medien 21<br \/>\nc\/o Oliver Zweinig \/ Hedonistenloft<br \/>\nRudolf-Haym-Stra\u00dfe 14<br \/>\n06110 Halle<br \/>\n0162 540 95 00<br \/>\n<a href=\"mailto:post@kulturundmedien21.de\">post@kulturundmedien21.de<\/a><br \/>\n<a href=\"http:\/\/www.kulturundmedien21.de\" target=\"_blank\" rel=\"noopener\">www.kulturundmedien21.de<\/a><\/p>\n<p>Hinweise und Anmerkungen des Veranstalters:<br \/>\nWir freuen uns auf auf alle Interessierten mit Freude an tiefgreifenden Anregungen und Gedanken.<br \/>\nDie Teilnahme kann ausschlie\u00dflich mit Voranmeldung erfolgen.<\/p>\n<p><a href=\"javascript:history.back()\">zur\u00fcck<\/a><\/p>\n","protected":false},"excerpt":{"rendered":"<p>Veranstalter: kultur &amp; medien 21 Veranstaltungsort: Rudolf-Haym-Stra\u00dfe 14 06110 Halle Aktionen: thematischer Workshop, Gespr\u00e4chsrunde\/Diskussionsrunde, Ausstellung Zielgruppe: Alle Interessierten mit Voranmeldung sind herzlich willkommen. Sie m\u00fcssen sich f\u00fcr diese Aktion anmelden. Bitte nehmen Sie mit mir\/mit uns Kontakt auf! Ansprechpartner\/-in: Herr Oliver Zweinig Interessant! Mein digitaler Ortungsdienst sagt: Immer da wo ich bin ist der Mittelpunkt<a href=\"https:\/\/medienkompetenztag.de\/?p=555\">[&#8230;]<\/a><\/p>\n","protected":false},"author":1,"featured_media":570,"comment_status":"closed","ping_status":"closed","sticky":false,"template":"","format":"standard","meta":{"footnotes":""},"categories":[6],"tags":[],"class_list":["post-555","post","type-post","status-publish","format-standard","has-post-thumbnail","hentry","category-aktionen2016"],"_links":{"self":[{"href":"https:\/\/medienkompetenztag.de\/index.php?rest_route=\/wp\/v2\/posts\/555","targetHints":{"allow":["GET"]}}],"collection":[{"href":"https:\/\/medienkompetenztag.de\/index.php?rest_route=\/wp\/v2\/posts"}],"about":[{"href":"https:\/\/medienkompetenztag.de\/index.php?rest_route=\/wp\/v2\/types\/post"}],"author":[{"embeddable":true,"href":"https:\/\/medienkompetenztag.de\/index.php?rest_route=\/wp\/v2\/users\/1"}],"replies":[{"embeddable":true,"href":"https:\/\/medienkompetenztag.de\/index.php?rest_route=%2Fwp%2Fv2%2Fcomments&post=555"}],"version-history":[{"count":6,"href":"https:\/\/medienkompetenztag.de\/index.php?rest_route=\/wp\/v2\/posts\/555\/revisions"}],"predecessor-version":[{"id":1053,"href":"https:\/\/medienkompetenztag.de\/index.php?rest_route=\/wp\/v2\/posts\/555\/revisions\/1053"}],"wp:featuredmedia":[{"embeddable":true,"href":"https:\/\/medienkompetenztag.de\/index.php?rest_route=\/wp\/v2\/media\/570"}],"wp:attachment":[{"href":"https:\/\/medienkompetenztag.de\/index.php?rest_route=%2Fwp%2Fv2%2Fmedia&parent=555"}],"wp:term":[{"taxonomy":"category","embeddable":true,"href":"https:\/\/medienkompetenztag.de\/index.php?rest_route=%2Fwp%2Fv2%2Fcategories&post=555"},{"taxonomy":"post_tag","embeddable":true,"href":"https:\/\/medienkompetenztag.de\/index.php?rest_route=%2Fwp%2Fv2%2Ftags&post=555"}],"curies":[{"name":"wp","href":"https:\/\/api.w.org\/{rel}","templated":true}]}}