{"id":5487,"date":"2024-11-07T16:12:01","date_gmt":"2024-11-07T15:12:01","guid":{"rendered":"https:\/\/medienkompetenztag.de\/?p=5487"},"modified":"2024-11-20T12:25:57","modified_gmt":"2024-11-20T11:25:57","slug":"methodenmediathek-der-servicestelle-fuer-digitale-kulturelle-bildung","status":"publish","type":"post","link":"https:\/\/medienkompetenztag.de\/?p=5487","title":{"rendered":"Methodenmediathek der Servicestelle f\u00fcr digitale kulturelle Bildung"},"content":{"rendered":"\n<p><strong>Veranstalter:<\/strong><\/p>\n\n\n\n<p><span style=\"color: #00ccff\"><strong>Servicestelle f\u00fcr digitale kulturelle Bildung<\/strong><\/span><\/p>\n\n\n\n<p><strong>Veranstaltungsort:<\/strong><\/p>\n\n\n\n<p><span style=\"color: #000000\">Online<\/span><\/p>\n\n\n\n<p><strong>Art der Aktion:<\/strong><br><br>Methodenmediathek<\/p>\n\n\n\n<p><strong>Zielgruppe:<\/strong><br><br>Multiplikator*innen, Kulturp\u00e4dagog*innen, Vereine, Verb\u00e4nde<\/p>\n\n\n\n<p><strong>Sonstiges<\/strong><br><br><strong>Link zur Methodensammlung: <a href=\"https:\/\/methoden.lkj-lsa.de\/methoden_uebersicht\" target=\"_blank\" rel=\"noreferrer noopener\">https:\/\/methoden.lkj-lsa.de\/methoden_uebersicht<\/a><\/strong><\/p>\n\n\n\n<p>Die \u201eServicestelle f\u00fcr digitale kulturelle Bildung\u201c fungiert als zentrale Anlaufstelle f\u00fcr alle, die im Bereich der digitalen Kulturellen Bildung t\u00e4tig sind \u2013 oder t\u00e4tig werden wollen. Sie bietet einerseits eine Plattform f\u00fcr den Austausch und die Weiterbildung von Kulturakteur*innen in Sachsen-Anhalt. Andererseits werden innovative Methoden entwickelt, erprobt und zur Verf\u00fcgung gestellt. Mittlerweile ist eine Sammlung mit erprobten Methoden entstanden, die f\u00fcr alle kostenfrei zur Verf\u00fcgung steht.<\/p>\n\n\n\n<p><strong>Kontakt zum Veranstalter:<\/strong><br><br>.lkj) \u2013 Landesvereinigung kulturelle Kinder- und Jugendbildung Sachsen-Anhalt e. V.<br>Nadia Boltes<br>Brandenburger Stra\u00dfe 9<br>39104 Magdeburg<br>0391 \/ 244 51 63<br><a href=\"mailto:nadia.boltes@lkj-lsa.de\">nadia.boltes@lkj-lsa.de<\/a><br><a href=\"https:\/\/www.lkj-lsa.de\/kompetenzen\/servicestelle-digitale-kulturelle-bildung\/\" target=\"_blank\" rel=\"noreferrer noopener\">https:\/\/www.lkj-lsa.de\/kompetenzen\/servicestelle-digitale-kulturelle-bildung<\/a><\/p>\n\n\n\n<p><\/p>\n","protected":false},"excerpt":{"rendered":"<p>Veranstalter: Servicestelle f\u00fcr digitale kulturelle Bildung Veranstaltungsort: Online Art der Aktion: Methodenmediathek Zielgruppe: Multiplikator*innen, Kulturp\u00e4dagog*innen, Vereine, Verb\u00e4nde Sonstiges Link zur Methodensammlung: https:\/\/methoden.lkj-lsa.de\/methoden_uebersicht Die \u201eServicestelle f\u00fcr digitale kulturelle Bildung\u201c fungiert als zentrale Anlaufstelle f\u00fcr alle, die im Bereich der digitalen Kulturellen Bildung t\u00e4tig sind \u2013 oder t\u00e4tig werden wollen. Sie bietet einerseits eine Plattform f\u00fcr den<a href=\"https:\/\/medienkompetenztag.de\/?p=5487\">[&#8230;]<\/a><\/p>\n","protected":false},"author":0,"featured_media":5499,"comment_status":"closed","ping_status":"closed","sticky":false,"template":"","format":"standard","meta":{"footnotes":""},"categories":[24,25],"tags":[],"class_list":["post-5487","post","type-post","status-publish","format-standard","has-post-thumbnail","hentry","category-aktionen-2024","category-ergebnisse-2024"],"_links":{"self":[{"href":"https:\/\/medienkompetenztag.de\/index.php?rest_route=\/wp\/v2\/posts\/5487","targetHints":{"allow":["GET"]}}],"collection":[{"href":"https:\/\/medienkompetenztag.de\/index.php?rest_route=\/wp\/v2\/posts"}],"about":[{"href":"https:\/\/medienkompetenztag.de\/index.php?rest_route=\/wp\/v2\/types\/post"}],"replies":[{"embeddable":true,"href":"https:\/\/medienkompetenztag.de\/index.php?rest_route=%2Fwp%2Fv2%2Fcomments&post=5487"}],"version-history":[{"count":6,"href":"https:\/\/medienkompetenztag.de\/index.php?rest_route=\/wp\/v2\/posts\/5487\/revisions"}],"predecessor-version":[{"id":5504,"href":"https:\/\/medienkompetenztag.de\/index.php?rest_route=\/wp\/v2\/posts\/5487\/revisions\/5504"}],"wp:featuredmedia":[{"embeddable":true,"href":"https:\/\/medienkompetenztag.de\/index.php?rest_route=\/wp\/v2\/media\/5499"}],"wp:attachment":[{"href":"https:\/\/medienkompetenztag.de\/index.php?rest_route=%2Fwp%2Fv2%2Fmedia&parent=5487"}],"wp:term":[{"taxonomy":"category","embeddable":true,"href":"https:\/\/medienkompetenztag.de\/index.php?rest_route=%2Fwp%2Fv2%2Fcategories&post=5487"},{"taxonomy":"post_tag","embeddable":true,"href":"https:\/\/medienkompetenztag.de\/index.php?rest_route=%2Fwp%2Fv2%2Ftags&post=5487"}],"curies":[{"name":"wp","href":"https:\/\/api.w.org\/{rel}","templated":true}]}}