{"id":5477,"date":"2024-10-28T10:35:22","date_gmt":"2024-10-28T09:35:22","guid":{"rendered":"https:\/\/medienkompetenztag.de\/?p=5477"},"modified":"2024-10-30T09:07:45","modified_gmt":"2024-10-30T08:07:45","slug":"wie-tickt-tiktok-hass-und-politische-einflussnahme-in-jugendaffinen-sozialen","status":"publish","type":"post","link":"https:\/\/medienkompetenztag.de\/?p=5477","title":{"rendered":"Wie tickt TikTok? Hass und politische Einflussnahme in jugendaffinen sozialen Medien"},"content":{"rendered":"\n<p><strong>Veranstalter:<\/strong><\/p>\n\n\n\n<p><span style=\"color: #00ccff\"><strong>Landeszentrale f\u00fcr politische Bildung Sachsen-Anhalt \/ fairsprechen, fjp>media<span style=\"color: #00ccff\"><strong> e.V.<\/strong><\/span> <\/strong><\/span><\/p>\n\n\n\n<figure class=\"wp-block-image size-large is-resized\"><img decoding=\"async\" src=\"https:\/\/netzpolitische-bildung.de\/user\/data\/flex-directory\/files\/1727250916-facebook-elternabend.jpg\" alt=\"\" style=\"width:428px;height:auto\"\/><\/figure>\n\n\n\n<p><\/p>\n\n\n\n<p><strong>Veranstaltungsort:<\/strong><\/p>\n\n\n\n<p><span style=\"color: #000000\">Online<\/span><\/p>\n\n\n\n<p><strong>Art der Aktion:<\/strong><br><br>Digitaler Elternabend<\/p>\n\n\n\n<p><strong>Zielgruppe:<\/strong><br><br>F\u00fcr (Gro\u00df-)Eltern und Erziehungsberechtigte<\/p>\n\n\n\n<p><\/p>\n\n\n\n<p>Sie m\u00fcssen sich f\u00fcr diese Aktion anmelden. Bitte nehmen Sie mit mir\/mit uns Kontakt auf!<br>Bitte senden Sie eine Mail an <a href=\"mailto:diana.doerks@sachsen-anhalt.de\">diana.doerks@sachsen-anhalt.de<\/a> (Link wird einen Tag vor der Veranstaltung an die Teilnehmenden versandt.<\/p>\n\n\n\n<p>Wissen Sie, welche politischen und propagandistischen Inhalte Ihr Kind auf Plattformen wie TikTok sieht? Hass und Hetze k\u00f6nnen in vielen Formen auftreten: Beleidigungen, verfassungsfeindliche Symbole und Zeichen sowie klar rassistische und volksverhetzende Aussagen. Doch auch weniger offen versuchen extremistische Akteure, unter Nutzung moderner Medien in einem metapolitischen Raum neue junge W\u00e4hlergruppen zu erreichen sowie menschenverachtende Narrative zu festigen. Was Kinder und Jugendliche oftmals als langweilige Belanglosigkeit abtun oder als unterhaltsame Provokation oder Grenzerfahrung sehen, kann weitreichende Folgen haben. Hassbotschaften verbreiten sich so gezielt in sozialen Medien und f\u00f6rdern einen menschenfeindlichen Umgang, oft ohne dass wir es aktiv bemerken. Auch kann dies bei Kindern und Jugendlichen ein Gef\u00fchl der Ohnmacht hervorrufen und sich negativ auf ihr emotionales und k\u00f6rperliches Wohlbefinden auswirken.<\/p>\n\n\n\n<p>12.11.2024, 16:30 &#8211; 18:00 Uhr <\/p>\n\n\n\n<p><strong>Kontakt zum Veranstalter:<\/strong><br><br>Landeszentrale f\u00fcr politische Bildung Sachsen-Anhalt<br>Diana Doerks<br>Leiterstra\u00dfe 2<br>39104 Magdeburg<br> <br>+493915676452<br><a href=\"mailto:diana.doerks@sachsen-anhalt.de\">diana.doerks@sachsen-anhalt.de<\/a><br><a href=\"https:\/\/netzpolitische-bildung.de\/veranstaltung\/wie-tickt-tiktok\" target=\"_blank\" rel=\"noreferrer noopener\">https:\/\/netzpolitische-bildung.de\/veranstaltung\/wie-tickt-tiktok<\/a><\/p>\n\n\n\n<p><\/p>\n","protected":false},"excerpt":{"rendered":"<p>Veranstalter: Landeszentrale f\u00fcr politische Bildung Sachsen-Anhalt \/ fairsprechen, fjp>media e.V. Veranstaltungsort: Online Art der Aktion: Digitaler Elternabend Zielgruppe: F\u00fcr (Gro\u00df-)Eltern und Erziehungsberechtigte Sie m\u00fcssen sich f\u00fcr diese Aktion anmelden. Bitte nehmen Sie mit mir\/mit uns Kontakt auf!Bitte senden Sie eine Mail an diana.doerks@sachsen-anhalt.de (Link wird einen Tag vor der Veranstaltung an die Teilnehmenden versandt. Wissen<a href=\"https:\/\/medienkompetenztag.de\/?p=5477\">[&#8230;]<\/a><\/p>\n","protected":false},"author":0,"featured_media":5479,"comment_status":"closed","ping_status":"closed","sticky":false,"template":"","format":"standard","meta":{"footnotes":""},"categories":[24],"tags":[],"class_list":["post-5477","post","type-post","status-publish","format-standard","has-post-thumbnail","hentry","category-aktionen-2024"],"_links":{"self":[{"href":"https:\/\/medienkompetenztag.de\/index.php?rest_route=\/wp\/v2\/posts\/5477","targetHints":{"allow":["GET"]}}],"collection":[{"href":"https:\/\/medienkompetenztag.de\/index.php?rest_route=\/wp\/v2\/posts"}],"about":[{"href":"https:\/\/medienkompetenztag.de\/index.php?rest_route=\/wp\/v2\/types\/post"}],"replies":[{"embeddable":true,"href":"https:\/\/medienkompetenztag.de\/index.php?rest_route=%2Fwp%2Fv2%2Fcomments&post=5477"}],"version-history":[{"count":5,"href":"https:\/\/medienkompetenztag.de\/index.php?rest_route=\/wp\/v2\/posts\/5477\/revisions"}],"predecessor-version":[{"id":5485,"href":"https:\/\/medienkompetenztag.de\/index.php?rest_route=\/wp\/v2\/posts\/5477\/revisions\/5485"}],"wp:featuredmedia":[{"embeddable":true,"href":"https:\/\/medienkompetenztag.de\/index.php?rest_route=\/wp\/v2\/media\/5479"}],"wp:attachment":[{"href":"https:\/\/medienkompetenztag.de\/index.php?rest_route=%2Fwp%2Fv2%2Fmedia&parent=5477"}],"wp:term":[{"taxonomy":"category","embeddable":true,"href":"https:\/\/medienkompetenztag.de\/index.php?rest_route=%2Fwp%2Fv2%2Fcategories&post=5477"},{"taxonomy":"post_tag","embeddable":true,"href":"https:\/\/medienkompetenztag.de\/index.php?rest_route=%2Fwp%2Fv2%2Ftags&post=5477"}],"curies":[{"name":"wp","href":"https:\/\/api.w.org\/{rel}","templated":true}]}}