{"id":5461,"date":"2024-10-24T12:55:04","date_gmt":"2024-10-24T10:55:04","guid":{"rendered":"https:\/\/medienkompetenztag.de\/?p=5461"},"modified":"2024-10-24T17:11:04","modified_gmt":"2024-10-24T15:11:04","slug":"agentinnen-krimi-im-landesarchiv","status":"publish","type":"post","link":"https:\/\/medienkompetenztag.de\/?p=5461","title":{"rendered":"Agentinnen-Krimi im Landesarchiv"},"content":{"rendered":"\n<p><strong>Veranstalter:<\/strong><\/p>\n\n\n\n<p><span style=\"color: #00ccff\"><strong>Jugendredaktion des Offenen Kanal Dessau<\/strong><\/span><\/p>\n\n\n\n<figure class=\"wp-block-image size-full is-resized\"><img loading=\"lazy\" decoding=\"async\" width=\"705\" height=\"487\" src=\"https:\/\/medienkompetenztag.de\/wp-content\/uploads\/logo-OK-Dessau.png\" alt=\"\" class=\"wp-image-5426\" style=\"width:363px;height:auto\" srcset=\"https:\/\/medienkompetenztag.de\/wp-content\/uploads\/logo-OK-Dessau.png 705w, https:\/\/medienkompetenztag.de\/wp-content\/uploads\/logo-OK-Dessau-300x207.png 300w\" sizes=\"auto, (max-width: 705px) 100vw, 705px\" \/><\/figure>\n\n\n\n<p><br><strong>Veranstaltungsort:<\/strong><\/p>\n\n\n\n<p><span style=\"color: #000000\">Heidestra\u00dfe 21<br>06842  Dessau-Ro\u00dflau <\/span><\/p>\n\n\n\n<p><strong>Art der Aktion:<\/strong><br><br>thematischer Workshop, Sendebeitrag<\/p>\n\n\n\n<p><strong>Zielgruppe:<\/strong><br><br>Junge Menschen ab 12 Jahre<\/p>\n\n\n\n<p>Die Teilnehmenden f\u00fcr die Aktion stehen bereits fest, eine Anmeldung ist leider nicht mehr m\u00f6glich.<\/p>\n\n\n\n<p>Die Jugendredaktion des Offenen Kanal Dessau trifft sich heute am Dessauer Standort des Landesarchivs Sachsen-Anhalt. Die Teilnehmenden erhalten eine F\u00fchrung durch die Ausstellung &#8222;Vorsicht! Agentinnen schreiben mit!&#8220;. Anschlie\u00dfend entwickeln die sie eine Film-Idee und drehen in den R\u00e4umlichkeiten des Archivs einen agentenm\u00e4\u00dfigen Krimi.<\/p>\n\n\n\n<p>13.11.2024 \/ 15:00 &#8211; 18:00 Uhr<\/p>\n\n\n\n<p><strong>Kontakt zum Veranstalter:<\/strong><br><br>Offener Kanal Dessau<br>Lisa Krug<br>Poststra\u00dfe 6<br>06844 Dessau-Ro\u00dflau<br>0340-2208530<br><a href=\"mailto:lisa.krug@ok-dessau.de\">lisa.krug@ok-dessau.de<\/a><br><a href=\"https:\/\/www.ok-dessau.de\/startseite\/\" target=\"_blank\" rel=\"noreferrer noopener\">https:\/\/www.ok-dessau.de\/startseite\/<\/a><\/p>\n\n\n\n<p>Hinweise und Anmerkungen des Veranstalters:<br>Die Jugendredaktion des Offenen Kanal Dessau trifft sich immer am zweiten Mittwoch im Monat und produziert gemeinsam Beitr\u00e4ge zu selbstgew\u00e4hlten Themen. Bei Interesse fragen Sie gerne bei uns an, ob es aktuell freie Pl\u00e4tze gibt.<\/p>\n","protected":false},"excerpt":{"rendered":"<p>Veranstalter: Jugendredaktion des Offenen Kanal Dessau Veranstaltungsort: Heidestra\u00dfe 2106842 Dessau-Ro\u00dflau Art der Aktion: thematischer Workshop, Sendebeitrag Zielgruppe: Junge Menschen ab 12 Jahre Die Teilnehmenden f\u00fcr die Aktion stehen bereits fest, eine Anmeldung ist leider nicht mehr m\u00f6glich. Die Jugendredaktion des Offenen Kanal Dessau trifft sich heute am Dessauer Standort des Landesarchivs Sachsen-Anhalt. Die Teilnehmenden erhalten<a href=\"https:\/\/medienkompetenztag.de\/?p=5461\">[&#8230;]<\/a><\/p>\n","protected":false},"author":0,"featured_media":5464,"comment_status":"closed","ping_status":"closed","sticky":false,"template":"","format":"standard","meta":{"footnotes":""},"categories":[24],"tags":[],"class_list":["post-5461","post","type-post","status-publish","format-standard","has-post-thumbnail","hentry","category-aktionen-2024"],"_links":{"self":[{"href":"https:\/\/medienkompetenztag.de\/index.php?rest_route=\/wp\/v2\/posts\/5461","targetHints":{"allow":["GET"]}}],"collection":[{"href":"https:\/\/medienkompetenztag.de\/index.php?rest_route=\/wp\/v2\/posts"}],"about":[{"href":"https:\/\/medienkompetenztag.de\/index.php?rest_route=\/wp\/v2\/types\/post"}],"replies":[{"embeddable":true,"href":"https:\/\/medienkompetenztag.de\/index.php?rest_route=%2Fwp%2Fv2%2Fcomments&post=5461"}],"version-history":[{"count":4,"href":"https:\/\/medienkompetenztag.de\/index.php?rest_route=\/wp\/v2\/posts\/5461\/revisions"}],"predecessor-version":[{"id":5467,"href":"https:\/\/medienkompetenztag.de\/index.php?rest_route=\/wp\/v2\/posts\/5461\/revisions\/5467"}],"wp:featuredmedia":[{"embeddable":true,"href":"https:\/\/medienkompetenztag.de\/index.php?rest_route=\/wp\/v2\/media\/5464"}],"wp:attachment":[{"href":"https:\/\/medienkompetenztag.de\/index.php?rest_route=%2Fwp%2Fv2%2Fmedia&parent=5461"}],"wp:term":[{"taxonomy":"category","embeddable":true,"href":"https:\/\/medienkompetenztag.de\/index.php?rest_route=%2Fwp%2Fv2%2Fcategories&post=5461"},{"taxonomy":"post_tag","embeddable":true,"href":"https:\/\/medienkompetenztag.de\/index.php?rest_route=%2Fwp%2Fv2%2Ftags&post=5461"}],"curies":[{"name":"wp","href":"https:\/\/api.w.org\/{rel}","templated":true}]}}