{"id":5453,"date":"2024-10-24T11:34:45","date_gmt":"2024-10-24T09:34:45","guid":{"rendered":"https:\/\/medienkompetenztag.de\/?p=5453"},"modified":"2024-10-24T11:56:49","modified_gmt":"2024-10-24T09:56:49","slug":"google-vs-fragfinn-machen-kindersuchmaschinen-sinn","status":"publish","type":"post","link":"https:\/\/medienkompetenztag.de\/?p=5453","title":{"rendered":"Google vs. FragFinn &#8211; machen Kindersuchmaschinen Sinn?"},"content":{"rendered":"\n<p><strong>Veranstalter:<\/strong><\/p>\n\n\n\n<p><span style=\"color: #00ccff\"><strong>AWO Hort &#8222;Jessener Stra\u00dfe&#8220;<\/strong><\/span><\/p>\n\n\n\n<figure class=\"wp-block-image size-large is-resized\"><img loading=\"lazy\" decoding=\"async\" width=\"1024\" height=\"267\" src=\"https:\/\/medienkompetenztag.de\/wp-content\/uploads\/Transparent_AWO_HAL_MER-2048x534-1-1024x267.png\" alt=\"\" class=\"wp-image-5455\" style=\"width:367px;height:auto\" srcset=\"https:\/\/medienkompetenztag.de\/wp-content\/uploads\/Transparent_AWO_HAL_MER-2048x534-1-1024x267.png 1024w, https:\/\/medienkompetenztag.de\/wp-content\/uploads\/Transparent_AWO_HAL_MER-2048x534-1-300x78.png 300w, https:\/\/medienkompetenztag.de\/wp-content\/uploads\/Transparent_AWO_HAL_MER-2048x534-1-768x200.png 768w, https:\/\/medienkompetenztag.de\/wp-content\/uploads\/Transparent_AWO_HAL_MER-2048x534-1-1536x401.png 1536w, https:\/\/medienkompetenztag.de\/wp-content\/uploads\/Transparent_AWO_HAL_MER-2048x534-1.png 2048w\" sizes=\"auto, (max-width: 1024px) 100vw, 1024px\" \/><\/figure>\n\n\n\n<p><br><strong>Veranstaltungsort:<\/strong><\/p>\n\n\n\n<p><span style=\"color: #000000\">Jessener Str. 14<br>06132 Halle<\/span><\/p>\n\n\n\n<p><strong>Art der Aktion:<\/strong><br><br>thematischer Workshop, Elterncaf\u00e9 zu ausgew\u00e4hltem Thema<\/p>\n\n\n\n<p><strong>Zielgruppe:<\/strong><br><br>HortKinder und deren Personensorgeberechtigten<\/p>\n\n\n\n<p>Wir begr\u00fc\u00dfen Sie am 14. November 2024 zu unserem Aktionsangebot. Eine Anmeldung ist nicht erforderlich.<\/p>\n\n\n\n<p>Unter dem Thema &#8222;google vs. FragFinn &#8211; machen Kindersuchmaschinen Sinn?&#8220; beginnen wir schon am Nachmittag, den Kindern die Vorteile von Kindersuchmaschinen und der Seite <a href=\"https:\/\/www.fragfinn.de\/\" target=\"_blank\" rel=\"noreferrer noopener\">FragFinn.de<\/a> im Allgemeinen zu vermitteln. Im Rahmen eines Elterncafes sollen auch die Eltern erkennen, welche gro\u00dfen Unterschiede es zwischen Erwachsenen- und Kindersuchmaschinen gibt. Au\u00dferdem geht&#8217;s um Kinderschutzsoftware.<\/p>\n\n\n\n<p>14.11.2024, 14:00 bis 17:00 Uhr<\/p>\n\n\n\n<p><strong>Kontakt zum Veranstalter:<\/strong><\/p>\n\n\n\n<p>Susanne Ropport<br>AWO Hort &#8222;Jessener Stra\u00dfe&#8220;, Jessener Str.14, 06132 Halle<br>0345 7828509<br><a href=\"mailto:ropport@halle-awo-merseburg.de\">Ropport@awo-halle-merseburg.de<\/a><br><a href=\"https:\/\/www.awo-halle-merseburg.de\" data-type=\"link\" data-id=\"https:\/\/www.awo-halle-merseburg.de\" target=\"_blank\" rel=\"noreferrer noopener\">https:\/\/www.awo-halle-merseburg.de<\/a><\/p>\n\n\n\n<p><strong>Hinweise und Anmerkungen des Veranstalters:<\/strong><br><br><a href=\"https:\/\/www.awo-halle-merseburg.de\/angebote\/kinder-jugend-und-familie\/horte\/hort-jessener-strasse\/\" target=\"_blank\" rel=\"noreferrer noopener\">https:\/\/www.awo-halle-merseburg.de\/angebote\/kinder-jugend-und-familie\/horte\/hort-jessener-strasse\/<\/a><\/p>\n","protected":false},"excerpt":{"rendered":"<p>Veranstalter: AWO Hort &#8222;Jessener Stra\u00dfe&#8220; Veranstaltungsort: Jessener Str. 1406132 Halle Art der Aktion: thematischer Workshop, Elterncaf\u00e9 zu ausgew\u00e4hltem Thema Zielgruppe: HortKinder und deren Personensorgeberechtigten Wir begr\u00fc\u00dfen Sie am 14. November 2024 zu unserem Aktionsangebot. Eine Anmeldung ist nicht erforderlich. Unter dem Thema &#8222;google vs. FragFinn &#8211; machen Kindersuchmaschinen Sinn?&#8220; beginnen wir schon am Nachmittag, den<a href=\"https:\/\/medienkompetenztag.de\/?p=5453\">[&#8230;]<\/a><\/p>\n","protected":false},"author":0,"featured_media":5459,"comment_status":"closed","ping_status":"closed","sticky":false,"template":"","format":"standard","meta":{"footnotes":""},"categories":[24],"tags":[],"class_list":["post-5453","post","type-post","status-publish","format-standard","has-post-thumbnail","hentry","category-aktionen-2024"],"_links":{"self":[{"href":"https:\/\/medienkompetenztag.de\/index.php?rest_route=\/wp\/v2\/posts\/5453","targetHints":{"allow":["GET"]}}],"collection":[{"href":"https:\/\/medienkompetenztag.de\/index.php?rest_route=\/wp\/v2\/posts"}],"about":[{"href":"https:\/\/medienkompetenztag.de\/index.php?rest_route=\/wp\/v2\/types\/post"}],"replies":[{"embeddable":true,"href":"https:\/\/medienkompetenztag.de\/index.php?rest_route=%2Fwp%2Fv2%2Fcomments&post=5453"}],"version-history":[{"count":5,"href":"https:\/\/medienkompetenztag.de\/index.php?rest_route=\/wp\/v2\/posts\/5453\/revisions"}],"predecessor-version":[{"id":5460,"href":"https:\/\/medienkompetenztag.de\/index.php?rest_route=\/wp\/v2\/posts\/5453\/revisions\/5460"}],"wp:featuredmedia":[{"embeddable":true,"href":"https:\/\/medienkompetenztag.de\/index.php?rest_route=\/wp\/v2\/media\/5459"}],"wp:attachment":[{"href":"https:\/\/medienkompetenztag.de\/index.php?rest_route=%2Fwp%2Fv2%2Fmedia&parent=5453"}],"wp:term":[{"taxonomy":"category","embeddable":true,"href":"https:\/\/medienkompetenztag.de\/index.php?rest_route=%2Fwp%2Fv2%2Fcategories&post=5453"},{"taxonomy":"post_tag","embeddable":true,"href":"https:\/\/medienkompetenztag.de\/index.php?rest_route=%2Fwp%2Fv2%2Ftags&post=5453"}],"curies":[{"name":"wp","href":"https:\/\/api.w.org\/{rel}","templated":true}]}}