{"id":5441,"date":"2024-10-23T11:10:02","date_gmt":"2024-10-23T09:10:02","guid":{"rendered":"https:\/\/medienkompetenztag.de\/?p=5441"},"modified":"2024-10-23T11:26:47","modified_gmt":"2024-10-23T09:26:47","slug":"kindermedientag-2","status":"publish","type":"post","link":"https:\/\/medienkompetenztag.de\/?p=5441","title":{"rendered":"Kindermedientag"},"content":{"rendered":"\n<p><strong>Veranstalter:<\/strong><\/p>\n\n\n\n<p><span style=\"color: #00ccff\"><strong>AWO Kinderdruckwerkstatt \/ Saline Technikum<\/strong><\/span><\/p>\n\n\n\n<figure class=\"wp-block-image size-full is-resized\"><img loading=\"lazy\" decoding=\"async\" width=\"699\" height=\"496\" src=\"https:\/\/medienkompetenztag.de\/wp-content\/uploads\/Screenshot-2024-10-23-at-11-07-18-Medientag_2024-Flyer.pdf.png\" alt=\"\" class=\"wp-image-5442\" style=\"width:445px;height:auto\" srcset=\"https:\/\/medienkompetenztag.de\/wp-content\/uploads\/Screenshot-2024-10-23-at-11-07-18-Medientag_2024-Flyer.pdf.png 699w, https:\/\/medienkompetenztag.de\/wp-content\/uploads\/Screenshot-2024-10-23-at-11-07-18-Medientag_2024-Flyer.pdf-300x213.png 300w\" sizes=\"auto, (max-width: 699px) 100vw, 699px\" \/><\/figure>\n\n\n\n<p><strong>Veranstaltungsort:<\/strong><\/p>\n\n\n\n<p><span style=\"color: #000000\">Salinemuseum<br>Mansfelder Str. 52<br>06108  Halle (Saale)<\/span><\/p>\n\n\n\n<p><strong>Art der Aktion:<\/strong><br><br>thematischer Workshop<br>Die Welt der Medien kindgerecht erkl\u00e4ren und erlebbar machen.<\/p>\n\n\n\n<p><strong>Zielgruppe:<\/strong><br><br>Schulklassen im Grundschulalter \/ Hort-Gruppen<\/p>\n\n\n\n<p>Sie m\u00fcssen sich f\u00fcr diese Aktion anmelden. Bitte nehmen Sie mit mir\/mit uns Kontakt auf!<br><strong>F\u00fcr die Veranstaltung ab 13:30 Uhr besteht noch die M\u00f6glichkeit zur Anmeldung.<\/strong><\/p>\n\n\n\n<p>Die Kinderdruckwerkstatt \u00f6ffnet die T\u00fcren f\u00fcr Schulklassen, die in die Welt der Medien reinschnuppern wollen. Zwischen 9 bis 16 Uhr steht eine Reise durch die Welt der Medien auf dem Programm: Drucken wie zu Gutenbergs Zeiten, alte Handschriften entziffern, Lego-Roboter bauen, Fernsehen selber machen oder sich mit dem Smartphone auseinandersetzen, das sind nur einige der Angebote, die die Kinder an diesem besonderen Tag wahrnehmen k\u00f6nnen. Der Kindermedientag m\u00f6chte den Kindern zeigen, wie bunt die Medienwelt ist und den technischen sowie kreativen Umgang damit f\u00f6rdern.<\/p>\n\n\n\n<p>Unterst\u00fctzt wird der Kindermedientag von VISION SALINETECHNIKUM, Stadtbibliothek Halle, der Stadt Halle (Saale), dem Offenen Kanal Merseburg-Querfurt e.V. und der Firma DELL.<\/p>\n\n\n\n<p>Mittwoch, 13.11.2024, 9:00 &#8211; 16:00 Uhr<\/p>\n\n\n\n<p><a href=\"https:\/\/medienkompetenztag.de\/wp-content\/uploads\/Medientag_2024-Flyer.pdf\"><strong>Flyer Kindermedientag 2024<\/strong><\/a><\/p>\n\n\n\n<p><strong>Kontakt zum Veranstalter:<\/strong><br><br>Salinemuseum<br>Andreas Schr\u00f6der<br>Mansfelder Str. 52<br>06108 Halle (Saale)<br>0345 4723035<br><a href=\"mailto:kinderdruckwerkstatt@awo-halle-merseburg.de\">kinderdruckwerkstatt@awo-halle-merseburg.de<\/a><br><a href=\"https:\/\/www.awo-halle-merseburg.de\" target=\"_blank\" rel=\"noreferrer noopener\">www.awo-halle-merseburg.de<\/a><\/p>\n\n\n\n<p><strong>Hinweise und Anmerkungen des Veranstalters:<\/strong><br>F\u00fcr die Veranstaltung ab 13:30 Uhr, also f\u00fcr Hortgruppen besteht noch die M\u00f6glichkeit zur Anmeldung.<\/p>\n","protected":false},"excerpt":{"rendered":"<p>Veranstalter: AWO Kinderdruckwerkstatt \/ Saline Technikum Veranstaltungsort: SalinemuseumMansfelder Str. 5206108 Halle (Saale) Art der Aktion: thematischer WorkshopDie Welt der Medien kindgerecht erkl\u00e4ren und erlebbar machen. Zielgruppe: Schulklassen im Grundschulalter \/ Hort-Gruppen Sie m\u00fcssen sich f\u00fcr diese Aktion anmelden. Bitte nehmen Sie mit mir\/mit uns Kontakt auf!F\u00fcr die Veranstaltung ab 13:30 Uhr besteht noch die M\u00f6glichkeit<a href=\"https:\/\/medienkompetenztag.de\/?p=5441\">[&#8230;]<\/a><\/p>\n","protected":false},"author":0,"featured_media":5444,"comment_status":"closed","ping_status":"closed","sticky":false,"template":"","format":"standard","meta":{"footnotes":""},"categories":[24],"tags":[],"class_list":["post-5441","post","type-post","status-publish","format-standard","has-post-thumbnail","hentry","category-aktionen-2024"],"_links":{"self":[{"href":"https:\/\/medienkompetenztag.de\/index.php?rest_route=\/wp\/v2\/posts\/5441","targetHints":{"allow":["GET"]}}],"collection":[{"href":"https:\/\/medienkompetenztag.de\/index.php?rest_route=\/wp\/v2\/posts"}],"about":[{"href":"https:\/\/medienkompetenztag.de\/index.php?rest_route=\/wp\/v2\/types\/post"}],"replies":[{"embeddable":true,"href":"https:\/\/medienkompetenztag.de\/index.php?rest_route=%2Fwp%2Fv2%2Fcomments&post=5441"}],"version-history":[{"count":6,"href":"https:\/\/medienkompetenztag.de\/index.php?rest_route=\/wp\/v2\/posts\/5441\/revisions"}],"predecessor-version":[{"id":5451,"href":"https:\/\/medienkompetenztag.de\/index.php?rest_route=\/wp\/v2\/posts\/5441\/revisions\/5451"}],"wp:featuredmedia":[{"embeddable":true,"href":"https:\/\/medienkompetenztag.de\/index.php?rest_route=\/wp\/v2\/media\/5444"}],"wp:attachment":[{"href":"https:\/\/medienkompetenztag.de\/index.php?rest_route=%2Fwp%2Fv2%2Fmedia&parent=5441"}],"wp:term":[{"taxonomy":"category","embeddable":true,"href":"https:\/\/medienkompetenztag.de\/index.php?rest_route=%2Fwp%2Fv2%2Fcategories&post=5441"},{"taxonomy":"post_tag","embeddable":true,"href":"https:\/\/medienkompetenztag.de\/index.php?rest_route=%2Fwp%2Fv2%2Ftags&post=5441"}],"curies":[{"name":"wp","href":"https:\/\/api.w.org\/{rel}","templated":true}]}}