{"id":5425,"date":"2024-10-17T10:46:16","date_gmt":"2024-10-17T08:46:16","guid":{"rendered":"https:\/\/medienkompetenztag.de\/?p=5425"},"modified":"2024-11-11T08:25:13","modified_gmt":"2024-11-11T07:25:13","slug":"erklaervideos-produzieren-mit-smartphone-und-tablet","status":"publish","type":"post","link":"https:\/\/medienkompetenztag.de\/?p=5425","title":{"rendered":"Erkl\u00e4rvideos produzieren mit Smartphone und Tablet"},"content":{"rendered":"\n<p><strong>Veranstalter:<\/strong><\/p>\n\n\n\n<p><span style=\"color: #00ccff\"><strong>Offener Kanal Dessau<\/strong><\/span><\/p>\n\n\n\n<figure class=\"wp-block-image size-full is-resized\"><img loading=\"lazy\" decoding=\"async\" width=\"705\" height=\"487\" src=\"https:\/\/medienkompetenztag.de\/wp-content\/uploads\/logo-OK-Dessau.png\" alt=\"\" class=\"wp-image-5426\" style=\"width:267px;height:auto\" srcset=\"https:\/\/medienkompetenztag.de\/wp-content\/uploads\/logo-OK-Dessau.png 705w, https:\/\/medienkompetenztag.de\/wp-content\/uploads\/logo-OK-Dessau-300x207.png 300w\" sizes=\"auto, (max-width: 705px) 100vw, 705px\" \/><\/figure>\n\n\n\n<p><br><strong>Veranstaltungsort:<\/strong><\/p>\n\n\n\n<p><span style=\"color: #000000\">Poststra\u00dfe 6<br>06844  Dessau-Ro\u00dflau<\/span><\/p>\n\n\n\n<p><strong>Art der Aktion:<\/strong><br><br>thematischer Workshop<\/p>\n\n\n\n<p><strong>Zielgruppe:<\/strong><br><br>alle Interessierten<\/p>\n\n\n\n<p>Sie m\u00fcssen sich f\u00fcr diese Aktion anmelden. <\/p>\n\n\n\n<p>Dieser Workshop gibt eine Einf\u00fchrung in die Konzeption und Produktion von Erkl\u00e4rvideos. Die Teilnehmenden erstellen kurze Erkl\u00e4rvideos zu selbstgew\u00e4hlten Themen mit dem Tablet oder Smartphone. Vom Text \u00fcber die Video- bis zur Audioaufzeichnung machen die Teilnehmenden alles selbst. <\/p>\n\n\n\n<p>12.11.2024 um 14:00 bis 18:00 Uhr<\/p>\n\n\n\n<p><strong>Kontakt zum Veranstalter:<\/strong><br><br>Offener Kanal Dessau<br>Lisa Krug<br>Poststra\u00dfe 6<br>06844 Dessau-Ro\u00dflau<br>0340-2208530<br>E-Mail: <a href=\"mailto:ok@ok-dessau.de\">ok@ok-dessau.de<\/a><br>Internet: <a href=\"https:\/\/www.ok-dessau.de\/startseite\/\" target=\"_blank\" rel=\"noreferrer noopener\">https:\/\/www.ok-dessau.de\/startseite\/<\/a><\/p>\n\n\n\n<p><strong>Hinweise und Anmerkungen des Veranstalters:<\/strong><br><br>Bitte bringen Sie &#8211; wenn m\u00f6glich &#8211; ein eigenes mobiles Ger\u00e4t mit. Wer kein eigenes Smartphone oder Tablet besitzt, kann ein Leihger\u00e4t bekommen. Die Filme k\u00f6nnen anschlie\u00dfend im Fernsehprogramm des OK gesendet werden. Eine Freistellung zur Sendung im OK wird in dem Fall vor Ort erbeten.<\/p>\n","protected":false},"excerpt":{"rendered":"<p>Veranstalter: Offener Kanal Dessau Veranstaltungsort: Poststra\u00dfe 606844 Dessau-Ro\u00dflau Art der Aktion: thematischer Workshop Zielgruppe: alle Interessierten Sie m\u00fcssen sich f\u00fcr diese Aktion anmelden. Dieser Workshop gibt eine Einf\u00fchrung in die Konzeption und Produktion von Erkl\u00e4rvideos. Die Teilnehmenden erstellen kurze Erkl\u00e4rvideos zu selbstgew\u00e4hlten Themen mit dem Tablet oder Smartphone. Vom Text \u00fcber die Video- bis zur<a href=\"https:\/\/medienkompetenztag.de\/?p=5425\">[&#8230;]<\/a><\/p>\n","protected":false},"author":0,"featured_media":5428,"comment_status":"closed","ping_status":"closed","sticky":false,"template":"","format":"standard","meta":{"footnotes":""},"categories":[24],"tags":[],"class_list":["post-5425","post","type-post","status-publish","format-standard","has-post-thumbnail","hentry","category-aktionen-2024"],"_links":{"self":[{"href":"https:\/\/medienkompetenztag.de\/index.php?rest_route=\/wp\/v2\/posts\/5425","targetHints":{"allow":["GET"]}}],"collection":[{"href":"https:\/\/medienkompetenztag.de\/index.php?rest_route=\/wp\/v2\/posts"}],"about":[{"href":"https:\/\/medienkompetenztag.de\/index.php?rest_route=\/wp\/v2\/types\/post"}],"replies":[{"embeddable":true,"href":"https:\/\/medienkompetenztag.de\/index.php?rest_route=%2Fwp%2Fv2%2Fcomments&post=5425"}],"version-history":[{"count":4,"href":"https:\/\/medienkompetenztag.de\/index.php?rest_route=\/wp\/v2\/posts\/5425\/revisions"}],"predecessor-version":[{"id":5505,"href":"https:\/\/medienkompetenztag.de\/index.php?rest_route=\/wp\/v2\/posts\/5425\/revisions\/5505"}],"wp:featuredmedia":[{"embeddable":true,"href":"https:\/\/medienkompetenztag.de\/index.php?rest_route=\/wp\/v2\/media\/5428"}],"wp:attachment":[{"href":"https:\/\/medienkompetenztag.de\/index.php?rest_route=%2Fwp%2Fv2%2Fmedia&parent=5425"}],"wp:term":[{"taxonomy":"category","embeddable":true,"href":"https:\/\/medienkompetenztag.de\/index.php?rest_route=%2Fwp%2Fv2%2Fcategories&post=5425"},{"taxonomy":"post_tag","embeddable":true,"href":"https:\/\/medienkompetenztag.de\/index.php?rest_route=%2Fwp%2Fv2%2Ftags&post=5425"}],"curies":[{"name":"wp","href":"https:\/\/api.w.org\/{rel}","templated":true}]}}