{"id":5406,"date":"2024-10-02T12:33:27","date_gmt":"2024-10-02T10:33:27","guid":{"rendered":"https:\/\/medienkompetenztag.de\/?p=5406"},"modified":"2024-10-17T11:30:19","modified_gmt":"2024-10-17T09:30:19","slug":"kuenstliche-intelligenz-und-ki-chatbots-chancen-gefahren-herausforderungen","status":"publish","type":"post","link":"https:\/\/medienkompetenztag.de\/?p=5406","title":{"rendered":"K\u00fcnstliche Intelligenz und KI-Chatbots \u2013 Chancen, Gefahren, Herausforderungen"},"content":{"rendered":"\n<p><strong>Veranstalter:<\/strong><\/p>\n\n\n\n<p><span style=\"color: #00ccff\"><strong>Europ\u00e4isches Institut f\u00fcr Journalismus- und Kommunikationsforschung e.V.<\/strong><\/span><\/p>\n\n\n\n<figure class=\"wp-block-image size-full is-resized\"><img loading=\"lazy\" decoding=\"async\" width=\"1024\" height=\"341\" src=\"https:\/\/medienkompetenztag.de\/wp-content\/uploads\/cropped-EIJC-Logo-DE_gross-1024x341-1.png\" alt=\"\" class=\"wp-image-5418\" style=\"width:472px;height:auto\" srcset=\"https:\/\/medienkompetenztag.de\/wp-content\/uploads\/cropped-EIJC-Logo-DE_gross-1024x341-1.png 1024w, https:\/\/medienkompetenztag.de\/wp-content\/uploads\/cropped-EIJC-Logo-DE_gross-1024x341-1-300x100.png 300w, https:\/\/medienkompetenztag.de\/wp-content\/uploads\/cropped-EIJC-Logo-DE_gross-1024x341-1-768x256.png 768w\" sizes=\"auto, (max-width: 1024px) 100vw, 1024px\" \/><\/figure>\n\n\n\n<p><strong>Veranstaltungsort:<\/strong><\/p>\n\n\n\n<p><span style=\"color: #000000\">Online<\/span><\/p>\n\n\n\n<p><strong>Art der Aktion:<\/strong><br><br>thematischer Workshop, Gespr\u00e4chsrunde\/Diskussionsrunde<br>Erprobungsphasen unterschiedlicher KI-Tools f\u00fcr den Unterrichtseinsatz<\/p>\n\n\n\n<p><strong>Zielgruppe:<\/strong><br><br>Lehrkr\u00e4fte, Schulleitung und weitere P\u00e4dagogische Fachkr\u00e4fte<\/p>\n\n\n\n<p>Sie m\u00fcssen sich f\u00fcr diese Aktion anmelden. Bitte nehmen Sie mit mir\/mit uns Kontakt auf!<\/p>\n\n\n\n<p>Unser Workshop gibt eine umfassende Einf\u00fchrung in die Anwendung von KI-Systemen im schulischen Umfeld; er beleuchtet die Besonderheiten verschiedener KI-Chatbots und zeigt deren Fallstricke wie auch L\u00f6sungsans\u00e4tze auf. <\/p>\n\n\n\n<p>Weitere Infos unter: <a href=\"https:\/\/fitfornews.de\/weiterbildungsangebote\/\" target=\"_blank\" rel=\"noreferrer noopener\">https:\/\/fitfornews.de\/weiterbildungsangebote\/<\/a><\/p>\n\n\n\n<p>14.11.2024, 14:30-16:30<\/p>\n\n\n\n<p><strong>Kontakt zum Veranstalter:<\/strong><br><br>Europ\u00e4isches Institut f\u00fcr Journalistik und Kommunikationsforschung e.V.<br>Lea Gr\u00fcnhardt<br>Menckestra\u00dfe 27<br>04155 Leipzig<br>Telefon: 0341\/5629667<br>E-Mail: <a href=\"mailto:info@eijc.eu\">info@eijc.eu<\/a><br>Internet: <a href=\"https:\/\/fitfornews.de\/\" target=\"_blank\" rel=\"noreferrer noopener\">https:\/\/fitfornews.de<\/a><\/p>\n","protected":false},"excerpt":{"rendered":"<p>Veranstalter: Europ\u00e4isches Institut f\u00fcr Journalismus- und Kommunikationsforschung e.V. Veranstaltungsort: Online Art der Aktion: thematischer Workshop, Gespr\u00e4chsrunde\/DiskussionsrundeErprobungsphasen unterschiedlicher KI-Tools f\u00fcr den Unterrichtseinsatz Zielgruppe: Lehrkr\u00e4fte, Schulleitung und weitere P\u00e4dagogische Fachkr\u00e4fte Sie m\u00fcssen sich f\u00fcr diese Aktion anmelden. Bitte nehmen Sie mit mir\/mit uns Kontakt auf! Unser Workshop gibt eine umfassende Einf\u00fchrung in die Anwendung von KI-Systemen im<a href=\"https:\/\/medienkompetenztag.de\/?p=5406\">[&#8230;]<\/a><\/p>\n","protected":false},"author":0,"featured_media":5423,"comment_status":"closed","ping_status":"closed","sticky":false,"template":"","format":"standard","meta":{"footnotes":""},"categories":[24],"tags":[],"class_list":["post-5406","post","type-post","status-publish","format-standard","has-post-thumbnail","hentry","category-aktionen-2024"],"_links":{"self":[{"href":"https:\/\/medienkompetenztag.de\/index.php?rest_route=\/wp\/v2\/posts\/5406","targetHints":{"allow":["GET"]}}],"collection":[{"href":"https:\/\/medienkompetenztag.de\/index.php?rest_route=\/wp\/v2\/posts"}],"about":[{"href":"https:\/\/medienkompetenztag.de\/index.php?rest_route=\/wp\/v2\/types\/post"}],"replies":[{"embeddable":true,"href":"https:\/\/medienkompetenztag.de\/index.php?rest_route=%2Fwp%2Fv2%2Fcomments&post=5406"}],"version-history":[{"count":3,"href":"https:\/\/medienkompetenztag.de\/index.php?rest_route=\/wp\/v2\/posts\/5406\/revisions"}],"predecessor-version":[{"id":5432,"href":"https:\/\/medienkompetenztag.de\/index.php?rest_route=\/wp\/v2\/posts\/5406\/revisions\/5432"}],"wp:featuredmedia":[{"embeddable":true,"href":"https:\/\/medienkompetenztag.de\/index.php?rest_route=\/wp\/v2\/media\/5423"}],"wp:attachment":[{"href":"https:\/\/medienkompetenztag.de\/index.php?rest_route=%2Fwp%2Fv2%2Fmedia&parent=5406"}],"wp:term":[{"taxonomy":"category","embeddable":true,"href":"https:\/\/medienkompetenztag.de\/index.php?rest_route=%2Fwp%2Fv2%2Fcategories&post=5406"},{"taxonomy":"post_tag","embeddable":true,"href":"https:\/\/medienkompetenztag.de\/index.php?rest_route=%2Fwp%2Fv2%2Ftags&post=5406"}],"curies":[{"name":"wp","href":"https:\/\/api.w.org\/{rel}","templated":true}]}}