{"id":5398,"date":"2024-09-26T19:48:02","date_gmt":"2024-09-26T17:48:02","guid":{"rendered":"https:\/\/medienkompetenztag.de\/?p=5398"},"modified":"2024-09-27T22:39:27","modified_gmt":"2024-09-27T20:39:27","slug":"lehrkraefte-netzwerk-im-klassenraum-der-zukunft","status":"publish","type":"post","link":"https:\/\/medienkompetenztag.de\/?p=5398","title":{"rendered":"Lehrkr\u00e4fte Netzwerk im Klassenraum der Zukunft"},"content":{"rendered":"\n<p><strong>Veranstalter:<\/strong><\/p>\n\n\n\n<p><strong><span style=\"color: #00ccff;\">Dein Unterrichtsmaterial UG (haftungsbeschr\u00e4nkt)<\/span><\/strong><\/p>\n\n\n\n<figure class=\"wp-block-image\"><img loading=\"lazy\" decoding=\"async\" width=\"300\" height=\"191\" src=\"https:\/\/medienkompetenztag.de\/wp-content\/uploads\/Dein-Unterrichtsmaterial-300x191.png\" alt=\"\" class=\"wp-image-5400\" srcset=\"https:\/\/medienkompetenztag.de\/wp-content\/uploads\/Dein-Unterrichtsmaterial-300x191.png 300w, https:\/\/medienkompetenztag.de\/wp-content\/uploads\/Dein-Unterrichtsmaterial-768x489.png 768w, https:\/\/medienkompetenztag.de\/wp-content\/uploads\/Dein-Unterrichtsmaterial.png 996w\" sizes=\"auto, (max-width: 300px) 100vw, 300px\" \/><\/figure>\n\n\n\n<p><br><strong>Veranstaltungsort:<\/strong><\/p>\n\n\n\n<p><span style=\"color: #000000;\">Raffineriestra\u00dfe 28<br>06112 Halle (Saale)<\/span><\/p>\n\n\n\n<p><strong>Art der Aktion:<\/strong><br><br>thematischer Vortrag,<br>Netzwerkveranstaltung<\/p>\n\n\n\n<p><strong>Zielgruppe:<\/strong><br><br>Lehrkr\u00e4fte<\/p>\n\n\n\n<p>Sie m\u00fcssen sich f\u00fcr diese Aktion anmelden. Bitte nehmen Sie mit mir\/mit uns Kontakt auf!<\/p>\n\n\n\n<p>Das kostenlose Event <a href=\"https:\/\/www.dein-unterrichtsmaterial.de\/lehrkraefte-netzwerk-halle\/\" target=\"_blank\" rel=\"noopener\"><strong>&#8222;Lehrkr\u00e4fte Netzwerk im Klassenraum der Zukunft&#8220;<\/strong><\/a> bietet eine Plattform f\u00fcr Lehrkr\u00e4fte, Autor*innen f\u00fcr digitales Unterrichtsmaterial und Bildungsinnovator*innen, um sich \u00fcber digitale Unterrichtsmaterialien und Technologien auszutauschen. Impulsvortr\u00e4ge bieten praktische Tipps und Einblicke in moderne Bildungstechnologien.<\/p>\n\n\n\n<p><strong>Termin:<\/strong><br><br>15.11.2024 von 15:30-18:30 Uhr<\/p>\n\n\n\n<p><strong>Kontakt:<br><br><\/strong>Dein Unterrichtsmaterial UG (haftungsbeschr\u00e4nkt)<br>Caroline W\u00f6tzel<br>Papierm\u00fchlstr. 4<br>04299 Leipzig<br>01624298119<br><a href=\"mailto:line@dein-unterrichtsmaterial.de\">line@dein-unterrichtsmaterial.de<\/a><br><a href=\"https:\/\/www.dein-unterrichtsmaterial.de\/\" target=\"_blank\" rel=\"noopener\">https:\/\/www.dein-unterrichtsmaterial.de\/<\/a><\/p>\n","protected":false},"excerpt":{"rendered":"<p>Veranstalter: Dein Unterrichtsmaterial UG (haftungsbeschr\u00e4nkt) Veranstaltungsort: Raffineriestra\u00dfe 2806112 Halle (Saale) Art der Aktion: thematischer Vortrag,Netzwerkveranstaltung Zielgruppe: Lehrkr\u00e4fte Sie m\u00fcssen sich f\u00fcr diese Aktion anmelden. Bitte nehmen Sie mit mir\/mit uns Kontakt auf! Das kostenlose Event &#8222;Lehrkr\u00e4fte Netzwerk im Klassenraum der Zukunft&#8220; bietet eine Plattform f\u00fcr Lehrkr\u00e4fte, Autor*innen f\u00fcr digitales Unterrichtsmaterial und Bildungsinnovator*innen, um sich \u00fcber<a href=\"https:\/\/medienkompetenztag.de\/?p=5398\">[&#8230;]<\/a><\/p>\n","protected":false},"author":0,"featured_media":5401,"comment_status":"closed","ping_status":"closed","sticky":false,"template":"","format":"standard","meta":{"footnotes":""},"categories":[24],"tags":[],"class_list":["post-5398","post","type-post","status-publish","format-standard","has-post-thumbnail","hentry","category-aktionen-2024"],"_links":{"self":[{"href":"https:\/\/medienkompetenztag.de\/index.php?rest_route=\/wp\/v2\/posts\/5398","targetHints":{"allow":["GET"]}}],"collection":[{"href":"https:\/\/medienkompetenztag.de\/index.php?rest_route=\/wp\/v2\/posts"}],"about":[{"href":"https:\/\/medienkompetenztag.de\/index.php?rest_route=\/wp\/v2\/types\/post"}],"replies":[{"embeddable":true,"href":"https:\/\/medienkompetenztag.de\/index.php?rest_route=%2Fwp%2Fv2%2Fcomments&post=5398"}],"version-history":[{"count":4,"href":"https:\/\/medienkompetenztag.de\/index.php?rest_route=\/wp\/v2\/posts\/5398\/revisions"}],"predecessor-version":[{"id":5405,"href":"https:\/\/medienkompetenztag.de\/index.php?rest_route=\/wp\/v2\/posts\/5398\/revisions\/5405"}],"wp:featuredmedia":[{"embeddable":true,"href":"https:\/\/medienkompetenztag.de\/index.php?rest_route=\/wp\/v2\/media\/5401"}],"wp:attachment":[{"href":"https:\/\/medienkompetenztag.de\/index.php?rest_route=%2Fwp%2Fv2%2Fmedia&parent=5398"}],"wp:term":[{"taxonomy":"category","embeddable":true,"href":"https:\/\/medienkompetenztag.de\/index.php?rest_route=%2Fwp%2Fv2%2Fcategories&post=5398"},{"taxonomy":"post_tag","embeddable":true,"href":"https:\/\/medienkompetenztag.de\/index.php?rest_route=%2Fwp%2Fv2%2Ftags&post=5398"}],"curies":[{"name":"wp","href":"https:\/\/api.w.org\/{rel}","templated":true}]}}