{"id":527,"date":"2016-11-02T15:28:59","date_gmt":"2016-11-02T14:28:59","guid":{"rendered":"https:\/\/medienkompetenztag.de\/?p=527"},"modified":"2017-11-09T18:12:00","modified_gmt":"2017-11-09T17:12:00","slug":"stopptrick-action","status":"publish","type":"post","link":"https:\/\/medienkompetenztag.de\/?p=527","title":{"rendered":"Stopptrick-Action"},"content":{"rendered":"<p><a href=\"http:\/\/www.lfmb.online\" target=\"_blank\" rel=\"noopener\"><img loading=\"lazy\" decoding=\"async\" class=\"alignnone wp-image-534\" src=\"https:\/\/medienkompetenztag.de\/wp-content\/uploads\/lfmb_logo_klein-300x43.png\" alt=\"lfmb_logo_klein\" width=\"258\" height=\"37\" srcset=\"https:\/\/medienkompetenztag.de\/wp-content\/uploads\/lfmb_logo_klein-300x43.png 300w, https:\/\/medienkompetenztag.de\/wp-content\/uploads\/lfmb_logo_klein.png 500w\" sizes=\"auto, (max-width: 258px) 100vw, 258px\" \/><\/a><\/p>\n<p>Veranstalter:<br \/>\n<a href=\"https:\/\/medienkompetenztag.de\/?p=527\"><span style=\"color: #00ccff;\">Labor f\u00fcr Medienbildung<\/span><\/a><\/p>\n<p>Veranstaltungsort:<br \/>\nHeideschule<br \/>\nGrundschule Halle (Saale)<\/p>\n<p>Art der Aktion:<br \/>\nthematischer Workshop<\/p>\n<p>Zielgruppe:<br \/>\nSch\u00fclerinnen und Sch\u00fcler<\/p>\n<p>Ansprechpartner\/-in:<br \/>\nFrau Lisa Krug<\/p>\n<hr style=\"background-color: #ff4500; height: 1px;\" \/>\n<p>Die Teilnehmenden f\u00fcr die Aktion stehen bereits fest, eine Anmeldung ist leider nicht mehr m\u00f6glich.<\/p>\n<hr style=\"background-color: #ff4500; height: 1px;\" \/>\n<p>Wir nehmen die Lieblingstrickfilme der Kinder als Diskussionsanlass, analysieren ihre Geschichten und Herstellungsarten und vermitteln grundlegende Kenntnisse \u00fcber Medien, Trickfilme und Gestaltungsm\u00f6glichkeiten. Im Workshop erstellen die Kinder einen eigenen Trickfilm und lernen so die Gemachtheit des Films kennen. Die Teilnehmenden denken sich eigene Geschichten aus, basteln Figuren, B\u00fchnenbilder und Requisiten, um diese im Stopptrick-Verfahren digital zu animieren. Anschlie\u00dfend vertonen die Kinder ihre Geschichte mit Ger\u00e4uschen, Musik und Sprachaufnahmen.<\/p>\n<p>21.-23. November<\/p>\n<p>Kontakt zum Veranstalter:<br \/>\nLabor f\u00fcr Medienbildung c\/o Lisa Krug, Lessingstra\u00dfe 30, 06114 Halle (Saale)<br \/>\n017642043550<br \/>\n<a href=\"mailto:krug@lfmb.de\">krug@lfmb.de<\/a><br \/>\n<a href=\"http:\/\/www.lfmb.online\" target=\"_blank\" rel=\"noopener\">www.lfmb.online<\/a><\/p>\n<p>Hinweise und Anmerkungen des Veranstalters:<br \/>\nDer Trickfilmworkshop ist ein schulinternes Projekt. Zum Medienkompetenztag werden die Ergebnisse auf dieser Seite ver\u00f6ffentlicht.<\/p>\n<p><a href=\"javascript:history.back()\">zur\u00fcck<\/a><\/p>\n","protected":false},"excerpt":{"rendered":"<p>Veranstalter: Labor f\u00fcr Medienbildung Veranstaltungsort: Heideschule Grundschule Halle (Saale) Art der Aktion: thematischer Workshop Zielgruppe: Sch\u00fclerinnen und Sch\u00fcler Ansprechpartner\/-in: Frau Lisa Krug Die Teilnehmenden f\u00fcr die Aktion stehen bereits fest, eine Anmeldung ist leider nicht mehr m\u00f6glich. Wir nehmen die Lieblingstrickfilme der Kinder als Diskussionsanlass, analysieren ihre Geschichten und Herstellungsarten und vermitteln grundlegende Kenntnisse \u00fcber<a href=\"https:\/\/medienkompetenztag.de\/?p=527\">[&#8230;]<\/a><\/p>\n","protected":false},"author":1,"featured_media":537,"comment_status":"closed","ping_status":"closed","sticky":false,"template":"","format":"standard","meta":{"footnotes":""},"categories":[6],"tags":[],"class_list":["post-527","post","type-post","status-publish","format-standard","has-post-thumbnail","hentry","category-aktionen2016"],"_links":{"self":[{"href":"https:\/\/medienkompetenztag.de\/index.php?rest_route=\/wp\/v2\/posts\/527","targetHints":{"allow":["GET"]}}],"collection":[{"href":"https:\/\/medienkompetenztag.de\/index.php?rest_route=\/wp\/v2\/posts"}],"about":[{"href":"https:\/\/medienkompetenztag.de\/index.php?rest_route=\/wp\/v2\/types\/post"}],"author":[{"embeddable":true,"href":"https:\/\/medienkompetenztag.de\/index.php?rest_route=\/wp\/v2\/users\/1"}],"replies":[{"embeddable":true,"href":"https:\/\/medienkompetenztag.de\/index.php?rest_route=%2Fwp%2Fv2%2Fcomments&post=527"}],"version-history":[{"count":8,"href":"https:\/\/medienkompetenztag.de\/index.php?rest_route=\/wp\/v2\/posts\/527\/revisions"}],"predecessor-version":[{"id":1054,"href":"https:\/\/medienkompetenztag.de\/index.php?rest_route=\/wp\/v2\/posts\/527\/revisions\/1054"}],"wp:featuredmedia":[{"embeddable":true,"href":"https:\/\/medienkompetenztag.de\/index.php?rest_route=\/wp\/v2\/media\/537"}],"wp:attachment":[{"href":"https:\/\/medienkompetenztag.de\/index.php?rest_route=%2Fwp%2Fv2%2Fmedia&parent=527"}],"wp:term":[{"taxonomy":"category","embeddable":true,"href":"https:\/\/medienkompetenztag.de\/index.php?rest_route=%2Fwp%2Fv2%2Fcategories&post=527"},{"taxonomy":"post_tag","embeddable":true,"href":"https:\/\/medienkompetenztag.de\/index.php?rest_route=%2Fwp%2Fv2%2Ftags&post=527"}],"curies":[{"name":"wp","href":"https:\/\/api.w.org\/{rel}","templated":true}]}}