{"id":5213,"date":"2023-11-08T11:58:19","date_gmt":"2023-11-08T10:58:19","guid":{"rendered":"https:\/\/medienkompetenztag.de\/?p=5213"},"modified":"2023-11-08T12:28:18","modified_gmt":"2023-11-08T11:28:18","slug":"jugend-hackt-in-halle-saale","status":"publish","type":"post","link":"https:\/\/medienkompetenztag.de\/?p=5213","title":{"rendered":"Jugend hackt in Halle (Saale)"},"content":{"rendered":"\n<p><strong>Veranstalter:<\/strong><\/p>\n\n\n\n<p><span style=\"color: #00ccff;\"><strong>Eigenbaukombinat Halle<\/strong><\/span><\/p>\n\n\n\n<figure class=\"wp-block-image size-full is-resized\"><img loading=\"lazy\" decoding=\"async\" width=\"476\" height=\"252\" src=\"https:\/\/medienkompetenztag.de\/wp-content\/uploads\/JH_Logo_Claim_RGB.jpg\" alt=\"\" class=\"wp-image-5218\" style=\"aspect-ratio:1.8888888888888888;width:288px;height:auto\" srcset=\"https:\/\/medienkompetenztag.de\/wp-content\/uploads\/JH_Logo_Claim_RGB.jpg 476w, https:\/\/medienkompetenztag.de\/wp-content\/uploads\/JH_Logo_Claim_RGB-300x159.jpg 300w\" sizes=\"auto, (max-width: 476px) 100vw, 476px\" \/><\/figure>\n\n\n\n<p><\/p>\n\n\n\n<p><strong>Veranstaltungsort:<\/strong><\/p>\n\n\n\n<p><span style=\"color: #000000;\">Landsberger Stra\u00dfe 3<br>06112 Halle (Saale)<\/span><\/p>\n\n\n\n<p><strong>Art der Aktion:<\/strong><br>Hackathon f\u00fcr Jugendliche<\/p>\n\n\n\n<p><strong>Zielgruppe:<\/strong><br>Jugendliche im Alter von 12 bis 18 Jahren; Mentor*innen<\/p>\n\n\n\n<p>Sie m\u00fcssen sich f\u00fcr diese Aktion anmelden. Bitte nehmen Sie mit mir\/mit uns Kontakt auf!<\/p>\n\n\n\n<hr class=\"wp-block-separator has-alpha-channel-opacity\"\/>\n\n\n\n<p>Das Eigenbaukombinat Halle l\u00e4dt vom 17. bis 19. November 2023 Jugendliche zur f\u00fcnften Ausgabe von Jugend hackt nach Halle (Saale) ein.<\/p>\n\n\n\n<p>Bei Jugend hackt haben junge Menschen die M\u00f6glichkeit, gemeinsam mit Gleichgesinnten im Alter von 12 bis 18 Jahren dar\u00fcber nachzudenken, wie mit Code die Welt verbessert werden kann. An diesem Wochenende haben die Jugendliche die Gelegenheit, tolle Projekte zu entwickeln, spannende Menschen zu treffen und Neues zu lernen. Junge Menschen ab 18 Jahren k\u00f6nnen sich als Mentor*in f\u00fcr die Veranstaltung bewerben, und so auch Teil von Jugend hackt Halle werden.<\/p>\n\n\n\n<p>In kleinen Teams wird an eigenen Hardware-Prototypen oder digitalen Anwendungen gearbeitet. Unterst\u00fctzt werden die Teams von ehrenamtlichen Mentor*innen, die viel Erfahrung in verschiedensten technischen Bereichen mitbringen und bei der Projekt-Umsetzungen zur Seite stehen.<\/p>\n\n\n\n<p>Das Eigenbaukombinat freut sich besonders \u00fcber Anmeldungen von Menschen, die bisher noch zu wenig in der Technik repr\u00e4sentiert sind wie zum Beispiel M\u00e4dchen, Jugendliche mit Fluchterfahrung, Jugendliche mit Behinderung oder Jugendliche mit einem Migrationshintergrund.<\/p>\n\n\n\n<p>Dabei ist egal, ob die Teilnehmednen schon einmal an Jugend hackt teilgenommen haben, oder ob es das erste Event ist. Alle sind willkommen \u2013 solange die Pl\u00e4tze reichen!<\/p>\n\n\n\n<p><strong>Die Anmeldefrist l\u00e4uft bis zum 10. November 2023.<\/strong><\/p>\n\n\n\n<p><\/p>\n\n\n\n<p><strong>Kontakt zum Veranstalter:<\/strong><br>Eigenbaukombinat Halle<br>Landsberger Stra\u00dfe 3<br>06112 Halle (Saale)<br><a href=\"mailto:halle@jugendhackt.org\">halle@jugendhackt.org<\/a><br><a href=\"https:\/\/jugendhackt.org\/events\/halle\/\" target=\"_blank\" rel=\"noreferrer noopener\">https:\/\/jugendhackt.org\/events\/halle\/<\/a><\/p>\n\n\n\n<p class=\"has-small-font-size\"><em>Titelfoto: <a rel=\"noreferrer noopener\" href=\"https:\/\/www.flickr.com\/photos\/okfde\/42220222900\/in\/album-72157699830400104\/\" target=\"_blank\">Jugend hackt in Halle \u2013 2018, CC-BY 4.0 Jugend hackt, Philip Steffan<\/a><\/em><\/p>\n","protected":false},"excerpt":{"rendered":"<p>Veranstalter: Eigenbaukombinat Halle Veranstaltungsort: Landsberger Stra\u00dfe 306112 Halle (Saale) Art der Aktion:Hackathon f\u00fcr Jugendliche Zielgruppe:Jugendliche im Alter von 12 bis 18 Jahren; Mentor*innen Sie m\u00fcssen sich f\u00fcr diese Aktion anmelden. Bitte nehmen Sie mit mir\/mit uns Kontakt auf! Das Eigenbaukombinat Halle l\u00e4dt vom 17. bis 19. November 2023 Jugendliche zur f\u00fcnften Ausgabe von Jugend hackt<a href=\"https:\/\/medienkompetenztag.de\/?p=5213\">[&#8230;]<\/a><\/p>\n","protected":false},"author":0,"featured_media":5217,"comment_status":"closed","ping_status":"closed","sticky":false,"template":"","format":"standard","meta":{"footnotes":""},"categories":[22],"tags":[],"class_list":["post-5213","post","type-post","status-publish","format-standard","has-post-thumbnail","hentry","category-aktionen-2023"],"_links":{"self":[{"href":"https:\/\/medienkompetenztag.de\/index.php?rest_route=\/wp\/v2\/posts\/5213","targetHints":{"allow":["GET"]}}],"collection":[{"href":"https:\/\/medienkompetenztag.de\/index.php?rest_route=\/wp\/v2\/posts"}],"about":[{"href":"https:\/\/medienkompetenztag.de\/index.php?rest_route=\/wp\/v2\/types\/post"}],"replies":[{"embeddable":true,"href":"https:\/\/medienkompetenztag.de\/index.php?rest_route=%2Fwp%2Fv2%2Fcomments&post=5213"}],"version-history":[{"count":5,"href":"https:\/\/medienkompetenztag.de\/index.php?rest_route=\/wp\/v2\/posts\/5213\/revisions"}],"predecessor-version":[{"id":5223,"href":"https:\/\/medienkompetenztag.de\/index.php?rest_route=\/wp\/v2\/posts\/5213\/revisions\/5223"}],"wp:featuredmedia":[{"embeddable":true,"href":"https:\/\/medienkompetenztag.de\/index.php?rest_route=\/wp\/v2\/media\/5217"}],"wp:attachment":[{"href":"https:\/\/medienkompetenztag.de\/index.php?rest_route=%2Fwp%2Fv2%2Fmedia&parent=5213"}],"wp:term":[{"taxonomy":"category","embeddable":true,"href":"https:\/\/medienkompetenztag.de\/index.php?rest_route=%2Fwp%2Fv2%2Fcategories&post=5213"},{"taxonomy":"post_tag","embeddable":true,"href":"https:\/\/medienkompetenztag.de\/index.php?rest_route=%2Fwp%2Fv2%2Ftags&post=5213"}],"curies":[{"name":"wp","href":"https:\/\/api.w.org\/{rel}","templated":true}]}}