{"id":5200,"date":"2023-11-04T09:03:27","date_gmt":"2023-11-04T08:03:27","guid":{"rendered":"https:\/\/medienkompetenztag.de\/?p=5200"},"modified":"2023-11-06T08:45:31","modified_gmt":"2023-11-06T07:45:31","slug":"klimakrise-was-tun-bau-wettbewerb-in-minecraft-und-minetest","status":"publish","type":"post","link":"https:\/\/medienkompetenztag.de\/?p=5200","title":{"rendered":"Klimakrise &#8211; was tun? Bau-Wettbewerb in Minecraft und Minetest"},"content":{"rendered":"\n<p><strong>Veranstalter:<\/strong><\/p>\n\n\n\n<p><span style=\"color: #00ccff;\"><strong>Ev. Akademie Sachsen-Anhalt<\/strong><\/span><\/p>\n\n\n\n<figure class=\"wp-block-image size-large is-resized\"><img loading=\"lazy\" decoding=\"async\" width=\"1024\" height=\"434\" src=\"https:\/\/medienkompetenztag.de\/wp-content\/uploads\/logo_gross-1024x434.png\" alt=\"\" class=\"wp-image-5206\" style=\"aspect-ratio:2.359447004608295;width:469px;height:auto\" srcset=\"https:\/\/medienkompetenztag.de\/wp-content\/uploads\/logo_gross-1024x434.png 1024w, https:\/\/medienkompetenztag.de\/wp-content\/uploads\/logo_gross-300x127.png 300w, https:\/\/medienkompetenztag.de\/wp-content\/uploads\/logo_gross-768x325.png 768w, https:\/\/medienkompetenztag.de\/wp-content\/uploads\/logo_gross-1536x651.png 1536w, https:\/\/medienkompetenztag.de\/wp-content\/uploads\/logo_gross.png 1621w\" sizes=\"auto, (max-width: 1024px) 100vw, 1024px\" \/><\/figure>\n\n\n\n<p><strong>Veranstaltungsort:<\/strong><\/p>\n\n\n\n<p><span style=\"color: #000000;\">Schlossplatz 1d<br>06886 Lutherstadt Wittenberg<\/span><\/p>\n\n\n\n<p><strong>Art der Aktion:<\/strong><br>Wettbewerb<\/p>\n\n\n\n<p><strong>Zielgruppe:<\/strong><br>Gamer*innen und an L\u00f6sungen f\u00fcr den Klimawandel Interessierte<\/p>\n\n\n\n<p><strong>Sonstiges<\/strong>:<br>Keine Anmeldung zum Mitmachen n\u00f6tig. Die Einreichung zum Wettbewerb erfolgt \u00fcber ein Online-Formular auf <a href=\"https:\/\/mine-klima.de\" target=\"_blank\" rel=\"noreferrer noopener\">https:\/\/mine-klima.de<\/a><\/p>\n\n\n\n<hr class=\"wp-block-separator has-alpha-channel-opacity\"\/>\n\n\n\n<p>D\u00fcrre, Waldbr\u00e4nde, \u00dcberschwemmungen \u2013 die Klimakrise ist da! Was k\u00f6nnen wir tun, um Schlimmeres zu verhindern? Wie k\u00f6nnen wir uns anpassen? Zeig es in Minecraft und Minetest und gewinne im besten Fall einen Preis.<\/p>\n\n\n\n<p>In diesem Wettbewerb soll das beliebte Game Minecraft oder die freie Alternative Minetest genutzt werden, um kreative Ideen f\u00fcr die vielleicht gr\u00f6\u00dfte Herausforderung unserer Zeit zu entwickeln.<\/p>\n\n\n\n<p>Challenge: Suche dir einen Ort, an dem der Klimawandel sichtbar wird. Zeig in Minetest oder Minecraft, wie man hier f\u00fcr eine klimagerechte Welt aktiv werden kann.<\/p>\n\n\n\n<p>Daf\u00fcr kannst du allein, mit Freundinnen und Freunden, in einer Gruppe oder als Klasse bauen. Und so geht\u2019s:<\/p>\n\n\n\n<p>Hol Dir auf einem der genannten Online-Server ein Grundst\u00fcck! Zeig dort, wie der Klimawandel gestoppt werden kann oder welche Anpassungen es braucht. Als Vorbild nimmst du am besten einen konkreten Ort als Ausgangspunkt, den du entweder als Foto, Nachbau oder Beschreibung mit einreichst.<\/p>\n\n\n\n<p>Alternativ kannst du auch lokal oder auf einem anderen Server bauen. Dann nimmst du aber nur an der Verlosung, nicht an der Preisvergabe durch die Jury teil.<\/p>\n\n\n\n<p>Insgesamt steht ein Preisgeld von 1000 Euro zur Verf\u00fcgung. Einreichungen sind bis 1.12. \u00fcber die Webseite <a href=\"https:\/\/mine-klima.de\" target=\"_blank\" rel=\"noreferrer noopener\">https:\/\/mine-klima.de<\/a> m\u00f6glich.<\/p>\n\n\n\n<p>24\/7 &#8211; jederzeit zur freien Verf\u00fcgung<\/p>\n\n\n\n<p><strong>Kontakt zum Veranstalter:<\/strong><br>Ev. Akademie Sachsen-Anhalt<br>Tobias Thiel<br>Schlossplatz 1d<br>06886 Lutherstadt Wittenberg<br>03491498815<br><a href=\"mailto:thiel@ev-akademie-wittenberg.de\">thiel@ev-akademie-wittenberg.de<\/a><br><a href=\"https:\/\/mine-klima.de\" target=\"_blank\" rel=\"noreferrer noopener\">https:\/\/mine-klima.de<\/a><\/p>\n\n\n\n<p><\/p>\n","protected":false},"excerpt":{"rendered":"<p>Veranstalter: Ev. Akademie Sachsen-Anhalt Veranstaltungsort: Schlossplatz 1d06886 Lutherstadt Wittenberg Art der Aktion:Wettbewerb Zielgruppe:Gamer*innen und an L\u00f6sungen f\u00fcr den Klimawandel Interessierte Sonstiges:Keine Anmeldung zum Mitmachen n\u00f6tig. Die Einreichung zum Wettbewerb erfolgt \u00fcber ein Online-Formular auf https:\/\/mine-klima.de D\u00fcrre, Waldbr\u00e4nde, \u00dcberschwemmungen \u2013 die Klimakrise ist da! Was k\u00f6nnen wir tun, um Schlimmeres zu verhindern? Wie k\u00f6nnen wir uns<a href=\"https:\/\/medienkompetenztag.de\/?p=5200\">[&#8230;]<\/a><\/p>\n","protected":false},"author":0,"featured_media":5208,"comment_status":"closed","ping_status":"closed","sticky":false,"template":"","format":"standard","meta":{"footnotes":""},"categories":[22],"tags":[],"class_list":["post-5200","post","type-post","status-publish","format-standard","has-post-thumbnail","hentry","category-aktionen-2023"],"_links":{"self":[{"href":"https:\/\/medienkompetenztag.de\/index.php?rest_route=\/wp\/v2\/posts\/5200","targetHints":{"allow":["GET"]}}],"collection":[{"href":"https:\/\/medienkompetenztag.de\/index.php?rest_route=\/wp\/v2\/posts"}],"about":[{"href":"https:\/\/medienkompetenztag.de\/index.php?rest_route=\/wp\/v2\/types\/post"}],"replies":[{"embeddable":true,"href":"https:\/\/medienkompetenztag.de\/index.php?rest_route=%2Fwp%2Fv2%2Fcomments&post=5200"}],"version-history":[{"count":3,"href":"https:\/\/medienkompetenztag.de\/index.php?rest_route=\/wp\/v2\/posts\/5200\/revisions"}],"predecessor-version":[{"id":5210,"href":"https:\/\/medienkompetenztag.de\/index.php?rest_route=\/wp\/v2\/posts\/5200\/revisions\/5210"}],"wp:featuredmedia":[{"embeddable":true,"href":"https:\/\/medienkompetenztag.de\/index.php?rest_route=\/wp\/v2\/media\/5208"}],"wp:attachment":[{"href":"https:\/\/medienkompetenztag.de\/index.php?rest_route=%2Fwp%2Fv2%2Fmedia&parent=5200"}],"wp:term":[{"taxonomy":"category","embeddable":true,"href":"https:\/\/medienkompetenztag.de\/index.php?rest_route=%2Fwp%2Fv2%2Fcategories&post=5200"},{"taxonomy":"post_tag","embeddable":true,"href":"https:\/\/medienkompetenztag.de\/index.php?rest_route=%2Fwp%2Fv2%2Ftags&post=5200"}],"curies":[{"name":"wp","href":"https:\/\/api.w.org\/{rel}","templated":true}]}}