{"id":5199,"date":"2023-11-03T17:49:47","date_gmt":"2023-11-03T16:49:47","guid":{"rendered":"https:\/\/medienkompetenztag.de\/?p=5199"},"modified":"2023-11-06T08:41:05","modified_gmt":"2023-11-06T07:41:05","slug":"film-und-filmgespraech-total-trust","status":"publish","type":"post","link":"https:\/\/medienkompetenztag.de\/?p=5199","title":{"rendered":"Film und Filmgespr\u00e4ch \u201eTotal Trust\u201c"},"content":{"rendered":"\n<p><strong>Veranstalter:<\/strong><\/p>\n\n\n\n<p><span style=\"color: #00ccff;\"><strong>Offener Kanal Merseburg-Querfurt e.V.<\/strong><\/span><\/p>\n\n\n\n<figure class=\"wp-block-image size-full is-resized\"><img loading=\"lazy\" decoding=\"async\" width=\"1000\" height=\"1000\" src=\"https:\/\/medienkompetenztag.de\/wp-content\/uploads\/farbig_negativ1000px.png\" alt=\"\" class=\"wp-image-5202\" style=\"aspect-ratio:1;width:180px;height:auto\" srcset=\"https:\/\/medienkompetenztag.de\/wp-content\/uploads\/farbig_negativ1000px.png 1000w, https:\/\/medienkompetenztag.de\/wp-content\/uploads\/farbig_negativ1000px-300x300.png 300w, https:\/\/medienkompetenztag.de\/wp-content\/uploads\/farbig_negativ1000px-150x150.png 150w, https:\/\/medienkompetenztag.de\/wp-content\/uploads\/farbig_negativ1000px-768x768.png 768w, https:\/\/medienkompetenztag.de\/wp-content\/uploads\/farbig_negativ1000px-250x250.png 250w, https:\/\/medienkompetenztag.de\/wp-content\/uploads\/farbig_negativ1000px-174x174.png 174w\" sizes=\"auto, (max-width: 1000px) 100vw, 1000px\" \/><\/figure>\n\n\n\n<p><\/p>\n\n\n\n<p><strong>Veranstaltungsort:<\/strong><\/p>\n\n\n\n<p><span style=\"color: #000000;\">Geusaer Str. 86b<br>06217 Merseburg<\/span><\/p>\n\n\n\n<p><strong>Art der Aktion:<\/strong><br>Gespr\u00e4chsrunde\/Diskussionsrunde<\/p>\n\n\n\n<p><strong>Zielgruppe:<\/strong><br>Interessierte, Studierende, Lehrende, Multiplikator:innen<\/p>\n\n\n\n<p>Sie m\u00fcssen sich f\u00fcr diese Aktion anmelden. Bitte nehmen Sie mit uns Kontakt auf!<br>Die Teilnehmendenzahl ist begrenzt.<\/p>\n\n\n\n<hr class=\"wp-block-separator has-alpha-channel-opacity\"\/>\n\n\n\n<p>Wir laden in unser TV-Studio zu dem bewegenden Film und einer Austauschrunde mit Sapi Ullrich von Digitalcourge e.V., Tobias Thiel, Studienleiter f\u00fcr gesellschaftspolitische Jugendbildung der Evangelischen Akademie Sachsen-Anhalt und Philipp Sch\u00fcller unserem Bildungsreferenten der Partnerschaften f\u00fcr Demokratie (PfD) &#8222;Netzwerk Weltoffener Saalekreis&#8220; &amp; &#8222;Merseburg engagiert&#8220; im Offenen Kanal Merseburg-Querfurt e.V. ein.<br>Infos zum 97min\u00fctigen OmU Film: <a href=\"https:\/\/pifflmedien.de\/filme\/total-trust\/\" target=\"_blank\" rel=\"noreferrer noopener\">https:\/\/pifflmedien.de\/filme\/total-trust\/<\/a><\/p>\n\n\n\n<p>Es wird einen Digitalcourage-Infotisch mit n\u00fctzlichen Materialien und B\u00fcchern zum Thema \u00dcberwachung und &#8222;Digitale Selbstverteidigung&#8220; geben. \u00dcber Interesse und die M\u00f6glichkeiten der Gr\u00fcndung einer Digitalcourage-Ortsgruppe k\u00f6nnen wir uns vor Ort austauschen.<\/p>\n\n\n\n<p>16. November 2023, 18.00 bis 21.00 Uhr<\/p>\n\n\n\n<p><strong>Kontakt zum Veranstalter:<\/strong><br>Offener Kanal Merseburg &#8211; Querfurt e.V.<br>Diana Elsner<br>Geusaer Str. 86b<br>06217 Merseburg<br>03461\/525222<br><a href=\"mailto:info@okmq.de\">info@okmq.de<\/a><br><a rel=\"noopener\" href=\"http:\/\/www.okmq.de\" target=\"_blank\">www.okmq.de<\/a><\/p>\n\n\n\n<p><strong>Hinweise und Anmerkungen des Veranstalters:<\/strong><br>\u201eWenn das die Gegenwart ist, wie sieht dann unsere Zukunft aus?\u201c so der Untertitel von \u201eTotal Trust\u201c einem zutiefst beunruhigenden, mutigen Dokumentarfilm \u00fcber die unheimliche Macht von Big Data und KI, \u00fcber ihren Gebrauch und Missbrauch, \u00fcber Zensur und Selbstzensur und dem mutigen Kampf pers\u00f6nlich Betroffener. Schauen und diskutieren Sie mit.<\/p>\n","protected":false},"excerpt":{"rendered":"<p>Veranstalter: Offener Kanal Merseburg-Querfurt e.V. Veranstaltungsort: Geusaer Str. 86b06217 Merseburg Art der Aktion:Gespr\u00e4chsrunde\/Diskussionsrunde Zielgruppe:Interessierte, Studierende, Lehrende, Multiplikator:innen Sie m\u00fcssen sich f\u00fcr diese Aktion anmelden. Bitte nehmen Sie mit uns Kontakt auf!Die Teilnehmendenzahl ist begrenzt. Wir laden in unser TV-Studio zu dem bewegenden Film und einer Austauschrunde mit Sapi Ullrich von Digitalcourge e.V., Tobias Thiel, Studienleiter<a href=\"https:\/\/medienkompetenztag.de\/?p=5199\">[&#8230;]<\/a><\/p>\n","protected":false},"author":0,"featured_media":5203,"comment_status":"closed","ping_status":"closed","sticky":false,"template":"","format":"standard","meta":{"footnotes":""},"categories":[22],"tags":[],"class_list":["post-5199","post","type-post","status-publish","format-standard","has-post-thumbnail","hentry","category-aktionen-2023"],"_links":{"self":[{"href":"https:\/\/medienkompetenztag.de\/index.php?rest_route=\/wp\/v2\/posts\/5199","targetHints":{"allow":["GET"]}}],"collection":[{"href":"https:\/\/medienkompetenztag.de\/index.php?rest_route=\/wp\/v2\/posts"}],"about":[{"href":"https:\/\/medienkompetenztag.de\/index.php?rest_route=\/wp\/v2\/types\/post"}],"replies":[{"embeddable":true,"href":"https:\/\/medienkompetenztag.de\/index.php?rest_route=%2Fwp%2Fv2%2Fcomments&post=5199"}],"version-history":[{"count":3,"href":"https:\/\/medienkompetenztag.de\/index.php?rest_route=\/wp\/v2\/posts\/5199\/revisions"}],"predecessor-version":[{"id":5205,"href":"https:\/\/medienkompetenztag.de\/index.php?rest_route=\/wp\/v2\/posts\/5199\/revisions\/5205"}],"wp:featuredmedia":[{"embeddable":true,"href":"https:\/\/medienkompetenztag.de\/index.php?rest_route=\/wp\/v2\/media\/5203"}],"wp:attachment":[{"href":"https:\/\/medienkompetenztag.de\/index.php?rest_route=%2Fwp%2Fv2%2Fmedia&parent=5199"}],"wp:term":[{"taxonomy":"category","embeddable":true,"href":"https:\/\/medienkompetenztag.de\/index.php?rest_route=%2Fwp%2Fv2%2Fcategories&post=5199"},{"taxonomy":"post_tag","embeddable":true,"href":"https:\/\/medienkompetenztag.de\/index.php?rest_route=%2Fwp%2Fv2%2Ftags&post=5199"}],"curies":[{"name":"wp","href":"https:\/\/api.w.org\/{rel}","templated":true}]}}