{"id":5188,"date":"2023-10-27T13:48:43","date_gmt":"2023-10-27T11:48:43","guid":{"rendered":"https:\/\/medienkompetenztag.de\/?p=5188"},"modified":"2023-11-01T14:22:18","modified_gmt":"2023-11-01T13:22:18","slug":"desinformationen-und-hate-speech-im-netz-reaktionsstrategien-und-didaktische-ansaetze","status":"publish","type":"post","link":"https:\/\/medienkompetenztag.de\/?p=5188","title":{"rendered":"Desinformationen und Hate Speech im Netz- Reaktionsstrategien und didaktische Ans\u00e4tze"},"content":{"rendered":"\n<p><strong>Veranstalter:<\/strong><\/p>\n\n\n\n<p><span style=\"color: #00ccff;\"><strong>Klicksafe \/ DigiBitS<\/strong><\/span><\/p>\n\n\n\n<figure class=\"wp-block-image size-large is-resized\"><img loading=\"lazy\" decoding=\"async\" src=\"https:\/\/medienkompetenztag.de\/wp-content\/uploads\/klicksafe_Logo_RGB_72dpi-1024x636.png\" alt=\"\" class=\"wp-image-5191\" style=\"width:190px;height:118px\" width=\"190\" height=\"118\" srcset=\"https:\/\/medienkompetenztag.de\/wp-content\/uploads\/klicksafe_Logo_RGB_72dpi-1024x636.png 1024w, https:\/\/medienkompetenztag.de\/wp-content\/uploads\/klicksafe_Logo_RGB_72dpi-300x186.png 300w, https:\/\/medienkompetenztag.de\/wp-content\/uploads\/klicksafe_Logo_RGB_72dpi-768x477.png 768w, https:\/\/medienkompetenztag.de\/wp-content\/uploads\/klicksafe_Logo_RGB_72dpi-1536x954.png 1536w, https:\/\/medienkompetenztag.de\/wp-content\/uploads\/klicksafe_Logo_RGB_72dpi-2048x1273.png 2048w\" sizes=\"auto, (max-width: 190px) 100vw, 190px\" \/><\/figure>\n\n\n\n<figure class=\"wp-block-image size-large is-resized\"><img loading=\"lazy\" decoding=\"async\" src=\"https:\/\/medienkompetenztag.de\/wp-content\/uploads\/DigiBitS_Wortmarke_RGB-1024x304.png\" alt=\"\" class=\"wp-image-2161\" style=\"width:185px;height:55px\" width=\"185\" height=\"55\" srcset=\"https:\/\/medienkompetenztag.de\/wp-content\/uploads\/DigiBitS_Wortmarke_RGB-1024x304.png 1024w, https:\/\/medienkompetenztag.de\/wp-content\/uploads\/DigiBitS_Wortmarke_RGB-300x89.png 300w, https:\/\/medienkompetenztag.de\/wp-content\/uploads\/DigiBitS_Wortmarke_RGB-768x228.png 768w, https:\/\/medienkompetenztag.de\/wp-content\/uploads\/DigiBitS_Wortmarke_RGB.png 1312w\" sizes=\"auto, (max-width: 185px) 100vw, 185px\" \/><\/figure>\n\n\n\n<p><strong>Veranstaltungsort:<\/strong><\/p>\n\n\n\n<p>Online<\/p>\n\n\n\n<p><strong>Art der Aktion:<\/strong><br>Online-Seminar<\/p>\n\n\n\n<p><strong>Zielgruppe:<\/strong><br>Lehrkr\u00e4fte ab der 7. Klasse, insb. in den Fachbereichen Deutsch, Gesellschaftswissenschaften, Politische Bildung und Geschichte<\/p>\n\n\n\n<p>Rebecca Kraus, Udo Lihs<\/p>\n\n\n\n<p>Sie m\u00fcssen sich f\u00fcr diese Aktion anmelden. Zum Anmeldeformular:<br><a rel=\"noreferrer noopener\" href=\"https:\/\/www.klicksafe.de\/webseminar-anmeldung\" target=\"_blank\">https:\/\/www.klicksafe.de\/webseminar-anmeldung<\/a><\/p>\n\n\n\n<hr class=\"wp-block-separator has-alpha-channel-opacity\"\/>\n\n\n\n<p>In Krisenzeiten erleben Kinder und Jugendliche Fake News und Hassrede im Netz \u2013 auch mithilfe von KI-Tools. Im Online-Workshop erhalten Lehrkr\u00e4fte Informationen dar\u00fcber, wie Jugendliche f\u00fcr die Gefahren von Desinformation und Hate Speech sensibilisiert werden k\u00f6nnen. Die Teilnehmer*innen lernen Formen, Inhalte und Wirkungen von Desinformationen und Hate Speech kennen sowie praxisbew\u00e4hrte und umsetzbare Ans\u00e4tze f\u00fcr den Unterricht.<br><\/p>\n\n\n\n<p>16.11.2023, 16:00 bis 18:00 Uhr<\/p>\n\n\n\n<p><strong>Kontakt zum Veranstalter:<\/strong><br>Klicksafe<br>Medienanstalt Rheinland-Pfalz<br>Turmstra\u00dfe 10<br>67059 Ludwigshafen<br>+49 621 52 02 113 <br><a href=\"mailto:krauss@medienanstalt-rlp.de\">krauss@medienanstalt-rlp.de<\/a><\/p>\n\n\n\n<p><a href=\"https:\/\/www.klicksafe.de\/termine\/desinformationen-und-hate-speech-im-netz-reaktionsstrategien-und-weitere-didaktische-ansaetze-fuer-den-unterricht\" target=\"_blank\" rel=\"noreferrer noopener\">https:\/\/www.klicksafe.de\/termine\/desinformationen-und-hate-speech-im-netz-reaktionsstrategien-und-weitere-didaktische-ansaetze-fuer-den-unterricht<\/a><\/p>\n\n\n\n<p><\/p>\n","protected":false},"excerpt":{"rendered":"<p>Veranstalter: Klicksafe \/ DigiBitS Veranstaltungsort: Online Art der Aktion:Online-Seminar Zielgruppe:Lehrkr\u00e4fte ab der 7. Klasse, insb. in den Fachbereichen Deutsch, Gesellschaftswissenschaften, Politische Bildung und Geschichte Rebecca Kraus, Udo Lihs Sie m\u00fcssen sich f\u00fcr diese Aktion anmelden. Zum Anmeldeformular:https:\/\/www.klicksafe.de\/webseminar-anmeldung In Krisenzeiten erleben Kinder und Jugendliche Fake News und Hassrede im Netz \u2013 auch mithilfe von KI-Tools. Im<a href=\"https:\/\/medienkompetenztag.de\/?p=5188\">[&#8230;]<\/a><\/p>\n","protected":false},"author":0,"featured_media":5192,"comment_status":"closed","ping_status":"closed","sticky":false,"template":"","format":"standard","meta":{"footnotes":""},"categories":[22],"tags":[],"class_list":["post-5188","post","type-post","status-publish","format-standard","has-post-thumbnail","hentry","category-aktionen-2023"],"_links":{"self":[{"href":"https:\/\/medienkompetenztag.de\/index.php?rest_route=\/wp\/v2\/posts\/5188","targetHints":{"allow":["GET"]}}],"collection":[{"href":"https:\/\/medienkompetenztag.de\/index.php?rest_route=\/wp\/v2\/posts"}],"about":[{"href":"https:\/\/medienkompetenztag.de\/index.php?rest_route=\/wp\/v2\/types\/post"}],"replies":[{"embeddable":true,"href":"https:\/\/medienkompetenztag.de\/index.php?rest_route=%2Fwp%2Fv2%2Fcomments&post=5188"}],"version-history":[{"count":3,"href":"https:\/\/medienkompetenztag.de\/index.php?rest_route=\/wp\/v2\/posts\/5188\/revisions"}],"predecessor-version":[{"id":5196,"href":"https:\/\/medienkompetenztag.de\/index.php?rest_route=\/wp\/v2\/posts\/5188\/revisions\/5196"}],"wp:featuredmedia":[{"embeddable":true,"href":"https:\/\/medienkompetenztag.de\/index.php?rest_route=\/wp\/v2\/media\/5192"}],"wp:attachment":[{"href":"https:\/\/medienkompetenztag.de\/index.php?rest_route=%2Fwp%2Fv2%2Fmedia&parent=5188"}],"wp:term":[{"taxonomy":"category","embeddable":true,"href":"https:\/\/medienkompetenztag.de\/index.php?rest_route=%2Fwp%2Fv2%2Fcategories&post=5188"},{"taxonomy":"post_tag","embeddable":true,"href":"https:\/\/medienkompetenztag.de\/index.php?rest_route=%2Fwp%2Fv2%2Ftags&post=5188"}],"curies":[{"name":"wp","href":"https:\/\/api.w.org\/{rel}","templated":true}]}}