{"id":5182,"date":"2023-10-19T21:44:57","date_gmt":"2023-10-19T19:44:57","guid":{"rendered":"https:\/\/medienkompetenztag.de\/?p=5182"},"modified":"2023-10-21T21:40:01","modified_gmt":"2023-10-21T19:40:01","slug":"eltern-uni-von-der-schiefertafel-zum-tablet-wie-neue-medien-unsere-welt-veraendern-und-wie-schule-darauf-reagieren-kann","status":"publish","type":"post","link":"https:\/\/medienkompetenztag.de\/?p=5182","title":{"rendered":"Eltern-Uni &#8222;Von der Schiefertafel zum Tablet. Wie neue Medien unsere Welt ver\u00e4ndern und wie Schule darauf reagieren kann&#8220;"},"content":{"rendered":"\n<p><strong>Veranstalter:<\/strong><\/p>\n\n\n\n<p><span style=\"color: #00ccff;\"><strong>Grundschulverband Sachsen-Anhalt<\/strong><\/span><\/p>\n\n\n\n<figure class=\"wp-block-image size-full is-resized\"><img loading=\"lazy\" decoding=\"async\" src=\"https:\/\/medienkompetenztag.de\/wp-content\/uploads\/Logo-NEU.jpg\" alt=\"\" class=\"wp-image-5183\" style=\"width:331px;height:127px\" width=\"331\" height=\"127\" srcset=\"https:\/\/medienkompetenztag.de\/wp-content\/uploads\/Logo-NEU.jpg 583w, https:\/\/medienkompetenztag.de\/wp-content\/uploads\/Logo-NEU-300x115.jpg 300w\" sizes=\"auto, (max-width: 331px) 100vw, 331px\" \/><\/figure>\n\n\n\n<p><strong>Veranstaltungsort:<\/strong><\/p>\n\n\n\n<p><span style=\"color: #000000;\">Franckesche Stiftungen, Haus 32, Niemeyer-Saal (\u00fcber dem Spielehaus)<br>06110 Halle (Saale)<\/span><\/p>\n\n\n\n<p><strong>Art der Aktion:<\/strong><br>thematischer Vortrag, Gespr\u00e4chsrunde\/Diskussionsrunde, Elterncaf\u00e9 zu ausgew\u00e4hltem Thema<br>Eltern-Uni<\/p>\n\n\n\n<p><strong>Zielgruppe:<\/strong><br>Alle an Schule Interessierte &#8211; Eltern, Gro\u00dfeltern, P\u00e4dagog*innen,..<\/p>\n\n\n\n<p><strong>Sonstiges: <\/strong><\/p>\n\n\n\n<p>Wir begr\u00fc\u00dfen Sie gern am 17. November 2023 von 18:00 bis 19:00 Uhr. Eine Anmeldung ist nicht erforderlich.<\/p>\n\n\n\n<hr class=\"wp-block-separator has-alpha-channel-opacity\"\/>\n\n\n\n<p>Die Eltern-Uni ist eine Zusammenarbeit des Grundschulverbandes Sachsen-Anhalt und des Institut f\u00fcr Schulp\u00e4dagogik und Grundschuldidaktik der Martin-Luther-Universit\u00e4t Halle-Wittenberg.<br>Alle Veranstaltungen sind kostenfrei, eine Anmeldung ist nicht erforderlich.<\/p>\n\n\n\n<p>Darum geht\u2019s: Der Medienwandel ver\u00e4ndert die Anforderungen an Menschen, um im Alltag zurecht zu kommen. Welche Konsequenzen hat das f\u00fcr die Schule und den Unterricht? Und sind die tradierten Lerninhalte damit \u00fcberholt? M\u00fcssen unsere Kinder noch die Schreibschrift lernen oder das Kleine Einmaleins? Am Beispiel der Unterrichtsf\u00e4cher Mathematik und Deutsch wird diskutiert, wie sich der Medienwandel auf den Grundschulunterricht auswirken kann und welche Chancen darin liegen.<\/p>\n\n\n\n<p>17.11.2023\/ 18:00 bis 19:00 Uhr<\/p>\n\n\n\n<p><strong>Kontakt zum Veranstalter:<\/strong><br>Grundschulverband Sachsen-Anhalt<br>Thekla Mayerhofer<br>Am Sophienhafen 6<br>06108 Halle (Saale)<br>01746755027<br><a href=\"mailto:info@gsv-lsa.de\">info@gsv-lsa.de<\/a><br><a rel=\"noreferrer noopener\" href=\"https:\/\/gsv-lsa.de\/\" target=\"_blank\">https:\/\/gsv-lsa.de\/<\/a><\/p>\n","protected":false},"excerpt":{"rendered":"<p>Veranstalter: Grundschulverband Sachsen-Anhalt Veranstaltungsort: Franckesche Stiftungen, Haus 32, Niemeyer-Saal (\u00fcber dem Spielehaus)06110 Halle (Saale) Art der Aktion:thematischer Vortrag, Gespr\u00e4chsrunde\/Diskussionsrunde, Elterncaf\u00e9 zu ausgew\u00e4hltem ThemaEltern-Uni Zielgruppe:Alle an Schule Interessierte &#8211; Eltern, Gro\u00dfeltern, P\u00e4dagog*innen,.. Sonstiges: Wir begr\u00fc\u00dfen Sie gern am 17. November 2023 von 18:00 bis 19:00 Uhr. Eine Anmeldung ist nicht erforderlich. Die Eltern-Uni ist eine Zusammenarbeit<a href=\"https:\/\/medienkompetenztag.de\/?p=5182\">[&#8230;]<\/a><\/p>\n","protected":false},"author":0,"featured_media":5183,"comment_status":"closed","ping_status":"closed","sticky":false,"template":"","format":"standard","meta":{"footnotes":""},"categories":[22],"tags":[],"class_list":["post-5182","post","type-post","status-publish","format-standard","has-post-thumbnail","hentry","category-aktionen-2023"],"_links":{"self":[{"href":"https:\/\/medienkompetenztag.de\/index.php?rest_route=\/wp\/v2\/posts\/5182","targetHints":{"allow":["GET"]}}],"collection":[{"href":"https:\/\/medienkompetenztag.de\/index.php?rest_route=\/wp\/v2\/posts"}],"about":[{"href":"https:\/\/medienkompetenztag.de\/index.php?rest_route=\/wp\/v2\/types\/post"}],"replies":[{"embeddable":true,"href":"https:\/\/medienkompetenztag.de\/index.php?rest_route=%2Fwp%2Fv2%2Fcomments&post=5182"}],"version-history":[{"count":4,"href":"https:\/\/medienkompetenztag.de\/index.php?rest_route=\/wp\/v2\/posts\/5182\/revisions"}],"predecessor-version":[{"id":5187,"href":"https:\/\/medienkompetenztag.de\/index.php?rest_route=\/wp\/v2\/posts\/5182\/revisions\/5187"}],"wp:featuredmedia":[{"embeddable":true,"href":"https:\/\/medienkompetenztag.de\/index.php?rest_route=\/wp\/v2\/media\/5183"}],"wp:attachment":[{"href":"https:\/\/medienkompetenztag.de\/index.php?rest_route=%2Fwp%2Fv2%2Fmedia&parent=5182"}],"wp:term":[{"taxonomy":"category","embeddable":true,"href":"https:\/\/medienkompetenztag.de\/index.php?rest_route=%2Fwp%2Fv2%2Fcategories&post=5182"},{"taxonomy":"post_tag","embeddable":true,"href":"https:\/\/medienkompetenztag.de\/index.php?rest_route=%2Fwp%2Fv2%2Ftags&post=5182"}],"curies":[{"name":"wp","href":"https:\/\/api.w.org\/{rel}","templated":true}]}}