{"id":5173,"date":"2023-10-18T21:32:19","date_gmt":"2023-10-18T19:32:19","guid":{"rendered":"https:\/\/medienkompetenztag.de\/?p=5173"},"modified":"2023-10-18T21:45:38","modified_gmt":"2023-10-18T19:45:38","slug":"werkstatt-medienbildung-sachsen-anhalt","status":"publish","type":"post","link":"https:\/\/medienkompetenztag.de\/?p=5173","title":{"rendered":"Werkstatt Medienbildung Sachsen-Anhalt"},"content":{"rendered":"\n<p><strong>Veranstalter:<\/strong><\/p>\n\n\n\n<p><span style=\"color: #00ccff;\"><strong>Landeszentrale f\u00fcr politische Bildung Sachsen-Anhalt \/ Netzwerkstelle Medienkompetenz Sachsen-Anhalt<\/strong><\/span><\/p>\n\n\n\n<figure class=\"wp-block-image size-full is-resized\"><img loading=\"lazy\" decoding=\"async\" src=\"https:\/\/medienkompetenztag.de\/wp-content\/uploads\/Screenshot-2023-10-18-at-21-40-19-231004_Flyer_Einladung_werkstatt-Medienbildung4S-8.pdf.png\" alt=\"\" class=\"wp-image-5176\" style=\"width:210px;height:230px\" width=\"210\" height=\"230\" srcset=\"https:\/\/medienkompetenztag.de\/wp-content\/uploads\/Screenshot-2023-10-18-at-21-40-19-231004_Flyer_Einladung_werkstatt-Medienbildung4S-8.pdf.png 492w, https:\/\/medienkompetenztag.de\/wp-content\/uploads\/Screenshot-2023-10-18-at-21-40-19-231004_Flyer_Einladung_werkstatt-Medienbildung4S-8.pdf-274x300.png 274w\" sizes=\"auto, (max-width: 210px) 100vw, 210px\" \/><\/figure>\n\n\n\n<p><strong>Veranstaltungsort:<\/strong><\/p>\n\n\n\n<p>Experimentelle Fabrik<br><span style=\"color: #000000;\">Sandtorstra\u00dfe 23 <br>39106 Magdeburg<\/span><\/p>\n\n\n\n<p><strong>Art der Aktion:<\/strong><br>Ausstellung, Gespr\u00e4chsrunde, Diskussionsrunde<\/p>\n\n\n\n<p><strong>Zielgruppe:<\/strong><br>F\u00fcr Lehrerinnen und Lehrer, p\u00e4dagogische Fachkr\u00e4fte und Interessierte<\/p>\n\n\n\n<p>Sie m\u00fcssen sich f\u00fcr diese Aktion anmelden. <br><br><strong>Programm und Anmeldung:<\/strong><br><a rel=\"noreferrer noopener\" href=\"https:\/\/www.medien-kompetenz-netzwerk.de\/netzwerkstelle\/aktuelles\/werkstatt-medienbildung-sachsen-anhalt-2023\/\" target=\"_blank\">https:\/\/www.medien-kompetenz-netzwerk.de\/netzwerkstelle\/aktuelles\/werkstatt-medienbildung-sachsen-anhalt-2023\/<\/a><\/p>\n\n\n\n<hr class=\"wp-block-separator has-alpha-channel-opacity\"\/>\n\n\n\n<p>Die Grundlagen f\u00fcr eine zeitgem\u00e4\u00dfe Medienbildung in Sachsen-Anhalt wurden in den vergangenen Jahren durch die Politik, engagierte Institutionen sowie Akteurinnen und Akteure gelegt. Allerdings sind l\u00e4ngst nicht alle Bildungsbereiche f\u00fcr die Herausforderungen der digitalisierten Welt gewappnet. Die F\u00e4higkeit, digitale Medien reflektiert, kritisch und kreativ zu nutzen, ist jedoch eine wesentliche Voraussetzung f\u00fcr Teilhabe und Beteiligung in einer demokratischen und offenen Gesellschaft. Die F\u00f6rderung digitaler Kompetenzen ist eine Aufgabe, die nur durch die Vernetzung von Akteuren aus allen Bildungsbereichen und entlang der gesamten Bildungskette gelingen kann.<\/p>\n\n\n\n<p>Im Rahmen der ersten Werkstatt Medienbildung wollen wir innovative Ans\u00e4tze f\u00fcr die Medien- und MINT-Bildung vorstellen und diese mit Kindern und Jugendlichen erproben. F\u00fcr Lehrerinnen und Lehrer, p\u00e4dagogische Fachkr\u00e4fte und Interessierte richten wir einen Markt der M\u00f6glichkeiten mit Medienbildungsangeboten ein. Wir wollen aufzeigen, wie in Schule, Jugendarbeit und Erwachsenenbildung Medienbildung zielgerichtet umgesetzt werden kann. Dies ist auch Gegenstand einer abschlie\u00dfenden Podiumsdiskussion mit Verantwortlichen aus Politik, Verwaltung und Medien.<\/p>\n\n\n\n<p>Werkstatt Medienbildung Sachsen-Anhalt 2023 ist eine Veranstaltung der Netzwerkstelle Medienkompetenz Sachsen-Anhalt und der Landeszentrale f\u00fcr politische Bildung Sachsen-Anhalt im Rahmen der bundesweiten Aktionstage Netzpolitik und Demokratie und anl\u00e4sslich des Tages der Medienkompetenz Sachsen-Anhalt. Ein Gemeinschaftsprojekt der Landeszentralen f\u00fcr politische Bildung (ZpB).<\/p>\n\n\n\n<p>16. November 2023, 12.30 bis 17.00 Uhr<\/p>\n\n\n\n<p><strong>Kontakt zum Veranstalter:<\/strong><br>Landeszentrale f\u00fcr politische Bildung<br>Leiterstr. 2<br>39104 Magdeburg<br>Mail: <a rel=\"noreferrer noopener\" href=\"mailto:Heinz-Josef.Sprengkamp@sachsen-anhalt.de\" target=\"_blank\">Heinz-Josef.Sprengkamp@sachsen-anhalt.de<\/a><\/p>\n\n\n\n<p>Netzwerkstelle Medienkompetenz Sachsen-Anhalt*<br>Reichardtstra\u00dfe 8<br>06114 Halle\/Saale<br>Tel.: 0345 \/ 52 13 136<br>Mail: <a href=\"mailto:kontakt@medien-kompetenz-netzwerk.de\">kontakt@medien-kompetenz-netzwerk.de<\/a><br><\/p>\n","protected":false},"excerpt":{"rendered":"<p>Veranstalter: Landeszentrale f\u00fcr politische Bildung Sachsen-Anhalt \/ Netzwerkstelle Medienkompetenz Sachsen-Anhalt Veranstaltungsort: Experimentelle FabrikSandtorstra\u00dfe 23 39106 Magdeburg Art der Aktion:Ausstellung, Gespr\u00e4chsrunde, Diskussionsrunde Zielgruppe:F\u00fcr Lehrerinnen und Lehrer, p\u00e4dagogische Fachkr\u00e4fte und Interessierte Sie m\u00fcssen sich f\u00fcr diese Aktion anmelden. Programm und Anmeldung:https:\/\/www.medien-kompetenz-netzwerk.de\/netzwerkstelle\/aktuelles\/werkstatt-medienbildung-sachsen-anhalt-2023\/ Die Grundlagen f\u00fcr eine zeitgem\u00e4\u00dfe Medienbildung in Sachsen-Anhalt wurden in den vergangenen Jahren durch die Politik,<a href=\"https:\/\/medienkompetenztag.de\/?p=5173\">[&#8230;]<\/a><\/p>\n","protected":false},"author":0,"featured_media":5175,"comment_status":"closed","ping_status":"closed","sticky":false,"template":"","format":"standard","meta":{"footnotes":""},"categories":[22],"tags":[],"class_list":["post-5173","post","type-post","status-publish","format-standard","has-post-thumbnail","hentry","category-aktionen-2023"],"_links":{"self":[{"href":"https:\/\/medienkompetenztag.de\/index.php?rest_route=\/wp\/v2\/posts\/5173","targetHints":{"allow":["GET"]}}],"collection":[{"href":"https:\/\/medienkompetenztag.de\/index.php?rest_route=\/wp\/v2\/posts"}],"about":[{"href":"https:\/\/medienkompetenztag.de\/index.php?rest_route=\/wp\/v2\/types\/post"}],"replies":[{"embeddable":true,"href":"https:\/\/medienkompetenztag.de\/index.php?rest_route=%2Fwp%2Fv2%2Fcomments&post=5173"}],"version-history":[{"count":3,"href":"https:\/\/medienkompetenztag.de\/index.php?rest_route=\/wp\/v2\/posts\/5173\/revisions"}],"predecessor-version":[{"id":5179,"href":"https:\/\/medienkompetenztag.de\/index.php?rest_route=\/wp\/v2\/posts\/5173\/revisions\/5179"}],"wp:featuredmedia":[{"embeddable":true,"href":"https:\/\/medienkompetenztag.de\/index.php?rest_route=\/wp\/v2\/media\/5175"}],"wp:attachment":[{"href":"https:\/\/medienkompetenztag.de\/index.php?rest_route=%2Fwp%2Fv2%2Fmedia&parent=5173"}],"wp:term":[{"taxonomy":"category","embeddable":true,"href":"https:\/\/medienkompetenztag.de\/index.php?rest_route=%2Fwp%2Fv2%2Fcategories&post=5173"},{"taxonomy":"post_tag","embeddable":true,"href":"https:\/\/medienkompetenztag.de\/index.php?rest_route=%2Fwp%2Fv2%2Ftags&post=5173"}],"curies":[{"name":"wp","href":"https:\/\/api.w.org\/{rel}","templated":true}]}}