{"id":5170,"date":"2023-10-18T11:15:04","date_gmt":"2023-10-18T09:15:04","guid":{"rendered":"https:\/\/medienkompetenztag.de\/?p=5170"},"modified":"2023-10-18T21:56:39","modified_gmt":"2023-10-18T19:56:39","slug":"schulprojekt-regeln-fuer-den-klassenchat","status":"publish","type":"post","link":"https:\/\/medienkompetenztag.de\/?p=5170","title":{"rendered":"Schulprojekt &#8222;Regeln f\u00fcr den Klassenchat&#8220;"},"content":{"rendered":"\n<p><strong>Veranstalter:<\/strong><\/p>\n\n\n\n<p><strong><span style=\"color: #00ccff;\">Kinder- und Jugendschutz der Stadt Halle (Saale)<\/span><\/strong><\/p>\n\n\n\n<figure class=\"wp-block-image size-large is-resized\"><img loading=\"lazy\" decoding=\"async\" src=\"https:\/\/medienkompetenztag.de\/wp-content\/uploads\/hallesaale_hsraum-kl-1024x426.jpg\" alt=\"\" class=\"wp-image-2262\" style=\"width:388px;height:161px\" width=\"388\" height=\"161\" srcset=\"https:\/\/medienkompetenztag.de\/wp-content\/uploads\/hallesaale_hsraum-kl-1024x426.jpg 1024w, https:\/\/medienkompetenztag.de\/wp-content\/uploads\/hallesaale_hsraum-kl-300x125.jpg 300w, https:\/\/medienkompetenztag.de\/wp-content\/uploads\/hallesaale_hsraum-kl-768x319.jpg 768w, https:\/\/medienkompetenztag.de\/wp-content\/uploads\/hallesaale_hsraum-kl.jpg 1200w\" sizes=\"auto, (max-width: 388px) 100vw, 388px\" \/><\/figure>\n\n\n\n<p><strong>Veranstaltungsort:<\/strong><\/p>\n\n\n\n<p><span style=\"color: #000000;\">Liebenauer Str. 152<br>06110 Halle (Saale)<\/span><\/p>\n\n\n\n<p><strong>Art der Aktion:<\/strong><br>thematischer Workshop<\/p>\n\n\n\n<p><strong>Zielgruppe:<\/strong><br>Sch\u00fclerinnen und Sch\u00fcler einer 4. Klasse<\/p>\n\n\n\n<p>Die Teilnehmenden f\u00fcr die Aktion stehen bereits fest, eine Anmeldung ist leider nicht mehr m\u00f6glich.<\/p>\n\n\n\n<hr class=\"wp-block-separator has-alpha-channel-opacity\"\/>\n\n\n\n<p>In einem ca. 3 St\u00fcndigem Workshop am 16.11.2023 sprechen wir gemeinsam \u00fcber Erfahrungen mit digitalen Medien, wie Onlinegames, Soziale Netzwerke, Messengerdienste oder Videoplattformen. Anschlie\u00dfend thematisieren wir positive und negative Erfahrungen in Gruppenchats (insbesondere den Klassenchat) und erarbeiten anschlie\u00dfend gemeinsam Regeln f\u00fcr ein gutes Miteinander im gemeinsamen Klassenchat.<\/p>\n\n\n\n<p><strong>Kontakt zum Veranstalter:<\/strong><br>Stadt Halle (Saale) <br>Fachbereich Bildung <br>Team Jugendarbeit\/Jugendpflege<br>Albert-Schweitzer-Str. 40<br>06114 Halle (Saale)<br>Tel.: 0345 2213165<br>Mail: <a href=\"mailto:katharina.winkler@halle.de\">katharina.winkler@halle.de<\/a><\/p>\n\n\n\n<p><\/p>\n","protected":false},"excerpt":{"rendered":"<p>Veranstalter: Kinder- und Jugendschutz der Stadt Halle (Saale) Veranstaltungsort: Liebenauer Str. 15206110 Halle (Saale) Art der Aktion:thematischer Workshop Zielgruppe:Sch\u00fclerinnen und Sch\u00fcler einer 4. Klasse Die Teilnehmenden f\u00fcr die Aktion stehen bereits fest, eine Anmeldung ist leider nicht mehr m\u00f6glich. In einem ca. 3 St\u00fcndigem Workshop am 16.11.2023 sprechen wir gemeinsam \u00fcber Erfahrungen mit digitalen Medien,<a href=\"https:\/\/medienkompetenztag.de\/?p=5170\">[&#8230;]<\/a><\/p>\n","protected":false},"author":0,"featured_media":5180,"comment_status":"closed","ping_status":"closed","sticky":false,"template":"","format":"standard","meta":{"footnotes":""},"categories":[22],"tags":[],"class_list":["post-5170","post","type-post","status-publish","format-standard","has-post-thumbnail","hentry","category-aktionen-2023"],"_links":{"self":[{"href":"https:\/\/medienkompetenztag.de\/index.php?rest_route=\/wp\/v2\/posts\/5170","targetHints":{"allow":["GET"]}}],"collection":[{"href":"https:\/\/medienkompetenztag.de\/index.php?rest_route=\/wp\/v2\/posts"}],"about":[{"href":"https:\/\/medienkompetenztag.de\/index.php?rest_route=\/wp\/v2\/types\/post"}],"replies":[{"embeddable":true,"href":"https:\/\/medienkompetenztag.de\/index.php?rest_route=%2Fwp%2Fv2%2Fcomments&post=5170"}],"version-history":[{"count":1,"href":"https:\/\/medienkompetenztag.de\/index.php?rest_route=\/wp\/v2\/posts\/5170\/revisions"}],"predecessor-version":[{"id":5181,"href":"https:\/\/medienkompetenztag.de\/index.php?rest_route=\/wp\/v2\/posts\/5170\/revisions\/5181"}],"wp:featuredmedia":[{"embeddable":true,"href":"https:\/\/medienkompetenztag.de\/index.php?rest_route=\/wp\/v2\/media\/5180"}],"wp:attachment":[{"href":"https:\/\/medienkompetenztag.de\/index.php?rest_route=%2Fwp%2Fv2%2Fmedia&parent=5170"}],"wp:term":[{"taxonomy":"category","embeddable":true,"href":"https:\/\/medienkompetenztag.de\/index.php?rest_route=%2Fwp%2Fv2%2Fcategories&post=5170"},{"taxonomy":"post_tag","embeddable":true,"href":"https:\/\/medienkompetenztag.de\/index.php?rest_route=%2Fwp%2Fv2%2Ftags&post=5170"}],"curies":[{"name":"wp","href":"https:\/\/api.w.org\/{rel}","templated":true}]}}