{"id":5141,"date":"2023-09-29T09:50:32","date_gmt":"2023-09-29T07:50:32","guid":{"rendered":"https:\/\/medienkompetenztag.de\/?p=5141"},"modified":"2023-10-04T09:56:23","modified_gmt":"2023-10-04T07:56:23","slug":"medienkompetenztage","status":"publish","type":"post","link":"https:\/\/medienkompetenztag.de\/?p=5141","title":{"rendered":"Medienkompetenztage"},"content":{"rendered":"\n<p><strong>Veranstalter:<\/strong><\/p>\n\n\n\n<p><span style=\"color: #00ccff;\"><strong>Medienmobil der Medienanstalt Sachsen-Anhalt<\/strong><\/span><\/p>\n\n\n\n<figure class=\"wp-block-image size-large is-resized\"><img loading=\"lazy\" decoding=\"async\" src=\"https:\/\/medienkompetenztag.de\/wp-content\/uploads\/MeMo_LOGO-e1637586550663-1024x333.jpg\" alt=\"\" class=\"wp-image-5164\" style=\"width:325px;height:106px\" width=\"325\" height=\"106\" srcset=\"https:\/\/medienkompetenztag.de\/wp-content\/uploads\/MeMo_LOGO-e1637586550663-1024x333.jpg 1024w, https:\/\/medienkompetenztag.de\/wp-content\/uploads\/MeMo_LOGO-e1637586550663-300x97.jpg 300w, https:\/\/medienkompetenztag.de\/wp-content\/uploads\/MeMo_LOGO-e1637586550663-768x249.jpg 768w, https:\/\/medienkompetenztag.de\/wp-content\/uploads\/MeMo_LOGO-e1637586550663-1536x499.jpg 1536w, https:\/\/medienkompetenztag.de\/wp-content\/uploads\/MeMo_LOGO-e1637586550663.jpg 1884w\" sizes=\"auto, (max-width: 325px) 100vw, 325px\" \/><\/figure>\n\n\n\n<p><\/p>\n\n\n\n<p><strong>Veranstaltungsort:<\/strong><\/p>\n\n\n\n<p>Medienkompetenzzentrum<br><span style=\"color: #000000;\">Reichardtstra\u00dfe 8<br>06114 Halle (Saale)<\/span><\/p>\n\n\n\n<p><strong>Art der Aktion:<\/strong><br>thematischer Workshop<\/p>\n\n\n\n<p><strong>Zielgruppe:<\/strong><br>Grundsch\u00fcler der 4. Klasse der Auengrundschule Halle (Saale)<\/p>\n\n\n\n<p><\/p>\n\n\n\n<p>Die Teilnehmenden f\u00fcr die Aktion stehen bereits fest, eine Anmeldung ist leider nicht mehr m\u00f6glich.<\/p>\n\n\n\n<hr class=\"wp-block-separator has-alpha-channel-opacity\"\/>\n\n\n\n<p>In praxisorientierten Workshops werden junge Menschen f\u00fcr einen selbstbestimmten, kritischen und kreativen Umgang mit digitalen Medien sensibilisiert.<\/p>\n\n\n\n<p>Die Sch\u00fclerinnen und Sch\u00fcler erhalten im Rahmen des Medienkompetenztages die Gelegenheit,<\/p>\n\n\n\n<p>\u2022 aktiv und kreativ mit Medien zu arbeiten,<br>\u2022 sich \u00fcber das eigene Medienhandeln bewusst zu werden und<br>\u2022 kritisch hinter die \u201eMedien-Kulissen\u201c zu schauen.<\/p>\n\n\n\n<p>Den medialen Schwerpunkt des Tages bilden die Workshops zum Internet und zum Fernsehen \u2013 zwei wichtige Konstanten im Alltag von Heranwachsenden. Die Sch\u00fclerinnen und Sch\u00fcler werden sich sowohl mit dem sicheren Surfen im Internet auseinandersetzen als auch hinter die Kulissen eines Fernsehstudios schauen. Je nach Klassengr\u00f6\u00dfe wird das Angebot um einen kleinen Trickfilm- oder Comicworkshop erg\u00e4nzt.<\/p>\n\n\n\n<p>16.11.2023, 9.00-12.00 Uhr<\/p>\n\n\n\n<p><strong>Kontakt zum Veranstalter:<\/strong><br>Medienanstalt Sachsen-Anhalt<br>Medienmobile<br>Reichardtstra\u00dfe 8\/9<br>06114 Halle (Saale)<br>0345-52130<br><a href=\"mailto:medienmobil@medienanstalt-sachsen-anhalt.de\">medienmobil@medienanstalt-sachsen-anhalt.de<\/a><br><a href=\"https:\/\/medienanstalt-sachsen-anhalt.de\/medienkompetenz\/medienmobile\/index.html\" target=\"_blank\" rel=\"noreferrer noopener\">https:\/\/medienanstalt-sachsen-anhalt.de\/medienkompetenz\/medienmobile\/index.html<\/a><\/p>\n\n\n\n<p><\/p>\n","protected":false},"excerpt":{"rendered":"<p>Veranstalter: Medienmobil der Medienanstalt Sachsen-Anhalt Veranstaltungsort: MedienkompetenzzentrumReichardtstra\u00dfe 806114 Halle (Saale) Art der Aktion:thematischer Workshop Zielgruppe:Grundsch\u00fcler der 4. Klasse der Auengrundschule Halle (Saale) Die Teilnehmenden f\u00fcr die Aktion stehen bereits fest, eine Anmeldung ist leider nicht mehr m\u00f6glich. In praxisorientierten Workshops werden junge Menschen f\u00fcr einen selbstbestimmten, kritischen und kreativen Umgang mit digitalen Medien sensibilisiert. Die<a href=\"https:\/\/medienkompetenztag.de\/?p=5141\">[&#8230;]<\/a><\/p>\n","protected":false},"author":0,"featured_media":3209,"comment_status":"closed","ping_status":"closed","sticky":false,"template":"","format":"standard","meta":{"footnotes":""},"categories":[22],"tags":[],"class_list":["post-5141","post","type-post","status-publish","format-standard","has-post-thumbnail","hentry","category-aktionen-2023"],"_links":{"self":[{"href":"https:\/\/medienkompetenztag.de\/index.php?rest_route=\/wp\/v2\/posts\/5141","targetHints":{"allow":["GET"]}}],"collection":[{"href":"https:\/\/medienkompetenztag.de\/index.php?rest_route=\/wp\/v2\/posts"}],"about":[{"href":"https:\/\/medienkompetenztag.de\/index.php?rest_route=\/wp\/v2\/types\/post"}],"replies":[{"embeddable":true,"href":"https:\/\/medienkompetenztag.de\/index.php?rest_route=%2Fwp%2Fv2%2Fcomments&post=5141"}],"version-history":[{"count":2,"href":"https:\/\/medienkompetenztag.de\/index.php?rest_route=\/wp\/v2\/posts\/5141\/revisions"}],"predecessor-version":[{"id":5165,"href":"https:\/\/medienkompetenztag.de\/index.php?rest_route=\/wp\/v2\/posts\/5141\/revisions\/5165"}],"wp:featuredmedia":[{"embeddable":true,"href":"https:\/\/medienkompetenztag.de\/index.php?rest_route=\/wp\/v2\/media\/3209"}],"wp:attachment":[{"href":"https:\/\/medienkompetenztag.de\/index.php?rest_route=%2Fwp%2Fv2%2Fmedia&parent=5141"}],"wp:term":[{"taxonomy":"category","embeddable":true,"href":"https:\/\/medienkompetenztag.de\/index.php?rest_route=%2Fwp%2Fv2%2Fcategories&post=5141"},{"taxonomy":"post_tag","embeddable":true,"href":"https:\/\/medienkompetenztag.de\/index.php?rest_route=%2Fwp%2Fv2%2Ftags&post=5141"}],"curies":[{"name":"wp","href":"https:\/\/api.w.org\/{rel}","templated":true}]}}