{"id":514,"date":"2016-11-01T18:50:17","date_gmt":"2016-11-01T17:50:17","guid":{"rendered":"https:\/\/medienkompetenztag.de\/?p=514"},"modified":"2017-11-09T18:12:21","modified_gmt":"2017-11-09T17:12:21","slug":"elkimeca-das-elternkinder-mediencamp","status":"publish","type":"post","link":"https:\/\/medienkompetenztag.de\/?p=514","title":{"rendered":"elkimeca &#8211; Das Eltern+Kinder Mediencamp"},"content":{"rendered":"<p><a href=\"http:\/\/www.elkimeca.de\" target=\"_blank\"><img loading=\"lazy\" decoding=\"async\" class=\"alignnone wp-image-529\" src=\"https:\/\/medienkompetenztag.de\/wp-content\/uploads\/logos_elkimeca-300x144.png\" alt=\"logos_elkimeca\" width=\"240\" height=\"115\" srcset=\"https:\/\/medienkompetenztag.de\/wp-content\/uploads\/logos_elkimeca-300x144.png 300w, https:\/\/medienkompetenztag.de\/wp-content\/uploads\/logos_elkimeca.png 340w\" sizes=\"auto, (max-width: 240px) 100vw, 240px\" \/><\/a><\/p>\n<p>Veranstalter:<br \/>\n<a href=\"https:\/\/medienkompetenztag.de\/?p=514\"><span style=\"color: #00ccff;\">Handlungsnetz e.V. \/ Labor f\u00fcr Medienbildung \/ fjp&gt;media<\/span><\/a><\/p>\n<p>Veranstaltungsort:<br \/>\nFranckeplatz 1<br \/>\n06110 Halle (Saale)<\/p>\n<p>Art der Aktion:<br \/>\nthematischer Workshop, thematischer Vortrag, Gespr\u00e4chsrunde\/Diskussionsrunde, Elterncaf\u00e9 zu ausgew\u00e4hltem Thema, Jugendcaf\u00e9 zu ausgew\u00e4hltem Thema<\/p>\n<p>Zielgruppe:<br \/>\nKinder (6-14 Jahre) und ihre Eltern<\/p>\n<hr style=\"background-color: #ff4500; height: 1px;\" \/>\n<p>Sie m\u00fcssen sich f\u00fcr diese Aktion anmelden. Bitte nehmen Sie mit mir\/mit uns Kontakt auf!<\/p>\n<hr style=\"background-color: #ff4500; height: 1px;\" \/>\n<p>Ansprechpartner\/-in:<br \/>\nFrau Lisa Krug<\/p>\n<p>Gibt es bei Euch in der Familie auch \u00f6fter Diskussionen \u00fcber Smartphones, Tablets und Co? Dann kommt vorbei! Zum Mediencamp f\u00fcr die ganze Familie. Kinder und Eltern zeigen sich gegenseitig ihre Lieblingsmedien. Das bringt eine Menge Spa\u00df und st\u00e4rkt das gegenseitige Vertrauen und Verst\u00e4ndnis. Ihr macht das Programm! Die Themen und Techniken, die Euch interessieren, kommen auf die Tagesordnung. Daf\u00fcr d\u00fcrft Ihr auch gerne Eure Smartphones, Tablets und Konsolen mitbringen. Gemeinsam mit Medienp\u00e4dagog*innen k\u00f6nnt ihr verschiedene Medien kennenlernen und selber machen.<\/p>\n<p>19.11.2016 von 9:30 bis 18 Uhr im Krokoseum der Franckeschen Stiftungen<\/p>\n<p>Kontakt zum Veranstalter:<br \/>\nLabor f\u00fcr Medienbildung c\/o Lisa Krug, Lessingstra\u00dfe 30, 06114 Halle (Saale)<\/p>\n<p>017642043550<br \/>\n<a href=\"mailto:info@elkimeca.de\">info@elkimeca.de<\/a><br \/>\n<a href=\"http:\/\/www.elkimeca.de.\" target=\"_blank\">www.elkimeca.de<\/a><\/p>\n<p>Hinweise und Anmerkungen des Veranstalters:<br \/>\nWir haben insgesamt 40 Pl\u00e4tze. Die Anmeldung ist telefonisch oder per Mail m\u00f6glich. Wir freuen uns auf Euch!<\/p>\n<p>Das elkimeca ist eine gemeinn\u00fctzige Initiative und wird getragen durch den Handlungsnetz e.V. (Leipzig). Weiterhin wird die Veranstaltung erm\u00f6glicht und durchgef\u00fchrt durch fjp-media (Magdeburg) und das Labor f\u00fcr Medienbildung (Halle).<\/p>\n<p><a href=\"javascript:history.back()\">zur\u00fcck<\/a><\/p>\n","protected":false},"excerpt":{"rendered":"<p>Veranstalter: Handlungsnetz e.V. \/ Labor f\u00fcr Medienbildung \/ fjp&gt;media Veranstaltungsort: Franckeplatz 1 06110 Halle (Saale) Art der Aktion: thematischer Workshop, thematischer Vortrag, Gespr\u00e4chsrunde\/Diskussionsrunde, Elterncaf\u00e9 zu ausgew\u00e4hltem Thema, Jugendcaf\u00e9 zu ausgew\u00e4hltem Thema Zielgruppe: Kinder (6-14 Jahre) und ihre Eltern Sie m\u00fcssen sich f\u00fcr diese Aktion anmelden. Bitte nehmen Sie mit mir\/mit uns Kontakt auf! Ansprechpartner\/-in: Frau<a href=\"https:\/\/medienkompetenztag.de\/?p=514\">[&#8230;]<\/a><\/p>\n","protected":false},"author":1,"featured_media":530,"comment_status":"closed","ping_status":"closed","sticky":false,"template":"","format":"standard","meta":{"footnotes":""},"categories":[6],"tags":[],"class_list":["post-514","post","type-post","status-publish","format-standard","has-post-thumbnail","hentry","category-aktionen2016"],"_links":{"self":[{"href":"https:\/\/medienkompetenztag.de\/index.php?rest_route=\/wp\/v2\/posts\/514","targetHints":{"allow":["GET"]}}],"collection":[{"href":"https:\/\/medienkompetenztag.de\/index.php?rest_route=\/wp\/v2\/posts"}],"about":[{"href":"https:\/\/medienkompetenztag.de\/index.php?rest_route=\/wp\/v2\/types\/post"}],"author":[{"embeddable":true,"href":"https:\/\/medienkompetenztag.de\/index.php?rest_route=\/wp\/v2\/users\/1"}],"replies":[{"embeddable":true,"href":"https:\/\/medienkompetenztag.de\/index.php?rest_route=%2Fwp%2Fv2%2Fcomments&post=514"}],"version-history":[{"count":9,"href":"https:\/\/medienkompetenztag.de\/index.php?rest_route=\/wp\/v2\/posts\/514\/revisions"}],"predecessor-version":[{"id":1056,"href":"https:\/\/medienkompetenztag.de\/index.php?rest_route=\/wp\/v2\/posts\/514\/revisions\/1056"}],"wp:featuredmedia":[{"embeddable":true,"href":"https:\/\/medienkompetenztag.de\/index.php?rest_route=\/wp\/v2\/media\/530"}],"wp:attachment":[{"href":"https:\/\/medienkompetenztag.de\/index.php?rest_route=%2Fwp%2Fv2%2Fmedia&parent=514"}],"wp:term":[{"taxonomy":"category","embeddable":true,"href":"https:\/\/medienkompetenztag.de\/index.php?rest_route=%2Fwp%2Fv2%2Fcategories&post=514"},{"taxonomy":"post_tag","embeddable":true,"href":"https:\/\/medienkompetenztag.de\/index.php?rest_route=%2Fwp%2Fv2%2Ftags&post=514"}],"curies":[{"name":"wp","href":"https:\/\/api.w.org\/{rel}","templated":true}]}}