{"id":5128,"date":"2023-07-13T07:53:53","date_gmt":"2023-07-13T05:53:53","guid":{"rendered":"https:\/\/medienkompetenztag.de\/?p=5128"},"modified":"2023-07-17T11:24:07","modified_gmt":"2023-07-17T09:24:07","slug":"medienkompetenz-ja-aber-wie","status":"publish","type":"post","link":"https:\/\/medienkompetenztag.de\/?p=5128","title":{"rendered":"Medienkompetenz &#8211; Ja, aber wie?"},"content":{"rendered":"\n<p><strong>Veranstalter:<\/strong><\/p>\n\n\n\n<p><span style=\"color: #00ccff;\"><strong>insGraf GmbH<\/strong><\/span><\/p>\n\n\n\n<figure class=\"wp-block-image size-full is-resized\"><img loading=\"lazy\" decoding=\"async\" src=\"https:\/\/medienkompetenztag.de\/wp-content\/uploads\/insGraf-Digital-Logo.png\" alt=\"\" class=\"wp-image-5130\" width=\"240\" height=\"67\"\/><\/figure>\n\n\n\n<p><strong>Veranstaltungsort:<\/strong><\/p>\n\n\n\n<p><span style=\"color: #000000;\">Gustav-Ricker-Stra\u00dfe 62<br>39120 Magdeburg<\/span><\/p>\n\n\n\n<p><strong>Art der Aktion:<\/strong><br>thematischer Workshop, thematischer Vortrag, Ausstellung, Sonstiges<br>Beratungsgespr\u00e4ch<\/p>\n\n\n\n<p><strong>Zielgruppe:<\/strong><br>Eltern, Erzieher:innen, Lehrer:innen, medienp\u00e4dagogisch Interessierte, Multiplikatoren sowie Kinder und Jugendliche in Begleitung<\/p>\n\n\n\n<p>Dario Mahr<\/p>\n\n\n\n<p><strong>Sie m\u00fcssen sich f\u00fcr diese Aktion anmelden. Bitte nehmen Sie mit mir\/mit uns Kontakt auf!<\/strong><\/p>\n\n\n\n<hr class=\"wp-block-separator has-alpha-channel-opacity\"\/>\n\n\n\n<p>Als Komplettausstatter f\u00fcr Kindertageseinrichtungen und Schulen bieten wir auch zum Thema Digitale Bildung eine Vielzahl an Produkten und Dienstleistungen an.<br>Zum Tag der Medienkompetenz pr\u00e4sentieren wir verschiedene M\u00f6glichkeiten wie digitale Bildung und die F\u00f6rderung der Medienkompetenz gelingen kann.<br>Die Schwerpunkte werden in Form von Workshops und Vortr\u00e4gen mithilfe verschiedener Ger\u00e4te demonstriert. Auch besteht die M\u00f6glichkeit zur individuellen Beratung durch unseren zertifizierten Medienp\u00e4dagogen.<br>Das Projekt ist f\u00fcr alle Interessenten und Besucher:innen kostenfrei.<\/p>\n\n\n\n<p>Damit m\u00f6chten wir einen Beitrag leisten zur Unterst\u00fctzung und F\u00f6rderung der Kinder, Jugendlichen und Erwachsenen zu Themen wie digitale Medien und Medienkompetenz, Chancengleichheit, Fachkr\u00e4ftemangel und vieles mehr.<\/p>\n\n\n\n<p>Wir laden Sie herzlich ein und freuen uns auf Ihren Besuch und den Austausch mit Ihnen.<\/p>\n\n\n\n<p>Dienstag, 14.11.2023 von 08:00 \u2013 16:00 Uhr und Mittwoch, 15.11.2023 von 08:00 \u2013 16:00 Uhr<\/p>\n\n\n\n<p><strong>Kontakt zum Veranstalter:<\/strong><br>GTZH Magdeburg<br>Gustav-Ricker-Stra\u00dfe 62<br>39120 Magdeburg<br>Seminarraum 2 (1. OG) \u00fcber den Haupteingang (Barrierefreier Zugang)<br>Parkpl\u00e4tze stehen fu\u00dfl\u00e4ufig, zeitlich f\u00fcr 4 Stunden mit Parkscheibe und kostenfrei zur Verf\u00fcgung.<br><br>01708197308<br><a href=\"mailto:d.mahr@insgraf.de\">d.mahr@insgraf.de<\/a><br><a href=\"https:\/\/insgraf.de\/\" target=\"_blank\" rel=\"noreferrer noopener\">https:\/\/insgraf.de\/<\/a><\/p>\n\n\n\n<p><strong>Hinweise und Anmerkungen des Veranstalters:<\/strong><br>Bitte teilen Sie uns zur Anmeldung auch die Anzahl der teilnehmenden Personen mit sowie Ihre Emailadresse und an welcher Aktion Sie teilnehmen m\u00f6chten, sodass wir ausf\u00fchrliche Informationen an Sie senden k\u00f6nnen. Die Aktionen werden nachfolgend aufgef\u00fchrt:<\/p>\n\n\n\n<ul class=\"wp-block-list\">\n<li>Workshop Natur und Forschen:<br>Dienstag, 14.11.23 von 08:30 \u2013 09:00 Uhr<br>Mittwoch, 15.11.23 von 08:30 \u2013 09:00 Uhr<\/li>\n<\/ul>\n\n\n\n<ul class=\"wp-block-list\">\n<li>Workshop MINT:<br> Dienstag, 14.11.23 von 09:30 \u2013 10:00 Uhr<br> Mittwoch, 15.11.23 von 09:30 \u2013 10:00 Uhr<\/li>\n<\/ul>\n\n\n\n<ul class=\"wp-block-list\">\n<li>Workshop F\u00f6rderung der Bewegung \/ Motorik:<br>Dienstag, 14.11.23 von 10:30 \u2013 11:00 Uhr<br>Mittwoch, 15.11.23 von 10:30 \u2013 11:00 Uhr<\/li>\n<\/ul>\n\n\n\n<ul class=\"wp-block-list\">\n<li>Workshop Smartphone, Tablet und Co:<br>Dienstag, 14.11.23 von 11:30 \u2013 12:00 Uhr<br>Mittwoch, 15.11.23 von 11:30 \u2013 12:00 Uhr<\/li>\n<\/ul>\n\n\n\n<ul class=\"wp-block-list\">\n<li>Vortrag &#8222;Medienkompetenz &#8211; Ja, aber wie?&#8220;<br>Dienstag, 14.11.23 von 13:30 \u2013 14:30 Uhr<br>Mittwoch, 15.11.23 von 13:30 \u2013 14:30 Uhr<\/li>\n<\/ul>\n\n\n\n<ul class=\"wp-block-list\">\n<li>Beratung<br>Erstberatung mit zertifizierten medienp\u00e4dagogischen Fachberater<br>Dienstag, 14.11.23 von 12:30 \u2013 13:00 Uhr<br>Dienstag, 14.11.23 von 15:00 \u2013 15:30 Uhr<br>Mittwoch, 15.11.23 von 12:30 \u2013 13:00 Uhr<br>Mittwoch, 15.11.23 von 15:00 \u2013 15:30 Uhr<\/li>\n<\/ul>\n","protected":false},"excerpt":{"rendered":"<p>Veranstalter: insGraf GmbH Veranstaltungsort: Gustav-Ricker-Stra\u00dfe 6239120 Magdeburg Art der Aktion:thematischer Workshop, thematischer Vortrag, Ausstellung, SonstigesBeratungsgespr\u00e4ch Zielgruppe:Eltern, Erzieher:innen, Lehrer:innen, medienp\u00e4dagogisch Interessierte, Multiplikatoren sowie Kinder und Jugendliche in Begleitung Dario Mahr Sie m\u00fcssen sich f\u00fcr diese Aktion anmelden. Bitte nehmen Sie mit mir\/mit uns Kontakt auf! Als Komplettausstatter f\u00fcr Kindertageseinrichtungen und Schulen bieten wir auch zum Thema<a href=\"https:\/\/medienkompetenztag.de\/?p=5128\">[&#8230;]<\/a><\/p>\n","protected":false},"author":0,"featured_media":5131,"comment_status":"closed","ping_status":"closed","sticky":false,"template":"","format":"standard","meta":{"footnotes":""},"categories":[22],"tags":[],"class_list":["post-5128","post","type-post","status-publish","format-standard","has-post-thumbnail","hentry","category-aktionen-2023"],"_links":{"self":[{"href":"https:\/\/medienkompetenztag.de\/index.php?rest_route=\/wp\/v2\/posts\/5128","targetHints":{"allow":["GET"]}}],"collection":[{"href":"https:\/\/medienkompetenztag.de\/index.php?rest_route=\/wp\/v2\/posts"}],"about":[{"href":"https:\/\/medienkompetenztag.de\/index.php?rest_route=\/wp\/v2\/types\/post"}],"replies":[{"embeddable":true,"href":"https:\/\/medienkompetenztag.de\/index.php?rest_route=%2Fwp%2Fv2%2Fcomments&post=5128"}],"version-history":[{"count":2,"href":"https:\/\/medienkompetenztag.de\/index.php?rest_route=\/wp\/v2\/posts\/5128\/revisions"}],"predecessor-version":[{"id":5132,"href":"https:\/\/medienkompetenztag.de\/index.php?rest_route=\/wp\/v2\/posts\/5128\/revisions\/5132"}],"wp:featuredmedia":[{"embeddable":true,"href":"https:\/\/medienkompetenztag.de\/index.php?rest_route=\/wp\/v2\/media\/5131"}],"wp:attachment":[{"href":"https:\/\/medienkompetenztag.de\/index.php?rest_route=%2Fwp%2Fv2%2Fmedia&parent=5128"}],"wp:term":[{"taxonomy":"category","embeddable":true,"href":"https:\/\/medienkompetenztag.de\/index.php?rest_route=%2Fwp%2Fv2%2Fcategories&post=5128"},{"taxonomy":"post_tag","embeddable":true,"href":"https:\/\/medienkompetenztag.de\/index.php?rest_route=%2Fwp%2Fv2%2Ftags&post=5128"}],"curies":[{"name":"wp","href":"https:\/\/api.w.org\/{rel}","templated":true}]}}