{"id":5001,"date":"2022-11-25T11:28:30","date_gmt":"2022-11-25T10:28:30","guid":{"rendered":"https:\/\/medienkompetenztag.de\/?p=5001"},"modified":"2022-11-25T11:28:30","modified_gmt":"2022-11-25T10:28:30","slug":"medien-bildung-kooperativ-wege-zur-medienkompetenz-gemeinsam-gestalten-2","status":"publish","type":"post","link":"https:\/\/medienkompetenztag.de\/?p=5001","title":{"rendered":"Medien.Bildung.Kooperativ \u2013 Wege zur Medienkompetenz gemeinsam gestalten"},"content":{"rendered":"\n<p>Der <a rel=\"noreferrer noopener\" href=\"https:\/\/www.medien-kompetenz-netzwerk.de\/netzwerkstelle\/arbeitskreis-medienkompetenz-halle-saalekreis\/\" target=\"_blank\">Arbeitskreis Medienkompetenz Halle &amp; Saalekreis<\/a> lud am landesweiten <strong>Tag der Medienkompetenz Sachsen-Anhalt <\/strong>am <strong>17. November 2022<\/strong> zum Fachtag und Vernetzungstreffen ins Mitteldeutsche Multimediazentrum (MMZ) in Halle (Saale) ein.<\/p>\n\n\n\n<p>Der Arbeitskreis versteht sich als ein regional agierendes und interdisziplin\u00e4res Netzwerk. Das wesentliche Ziel des Gremiums ist die Vernetzung von verschiedenen Fachkompetenzen, um die Medienkompetenz von Kindern, Jugendlichen, Eltern sowie Erziehenden und Lehrkr\u00e4ften nachhaltig zu f\u00f6rdern und die Medienbildung in der Region zu st\u00e4rken.<\/p>\n\n\n\n<p>Mit dem Fachtag und Vernetzungstreffen kamen die Akteur*innen des Arbeitskreises in der ersten gemeinsamen Veranstaltung mit Multiplikator*innen aus unterschiedlichen Bildungsdisziplinen ins Gespr\u00e4ch und stellten ihre Arbeit vor. Zu Beginn erhielten die Anwesenden einen fachlichen Impuls zur Erstellung eines Medienbildungskonzeptes in den Einrichtungen der Kinder- und Jugendhilfe. Auf dem Markt der M\u00f6glichkeiten kamen sie mit den Akteur*innen des Arbeitskreises Medienkompetenz in den Austausch und lernten ausgew\u00e4hlte niedrigschwelligen medienp\u00e4dagogischen Methoden kennen. Im abschlie\u00dfenden Workshop wurden mit der <em>Design Thinking<\/em> Methode wesentliche Problemfelder in der Medienbildungsarbeit benannt und konkrete L\u00f6sungsans\u00e4tze f\u00fcr eine institutions\u00fcbergreifende Medienbildung erarbeitet. <\/p>\n\n\n\n<p>Die Ergebnisse der Veranstaltung finden Sie in der Dokumentation auf der <a href=\"https:\/\/www.medien-kompetenz-netzwerk.de\/netzwerkstelle\/aktuelles\/medien-bildung-kooperativ\/\" target=\"_blank\" rel=\"noreferrer noopener\"><strong>Veranstaltungswebseite<\/strong><\/a>.<\/p>\n\n\n\n<figure class=\"wp-block-gallery has-nested-images columns-default is-cropped wp-block-gallery-1 is-layout-flex wp-block-gallery-is-layout-flex\">\n<figure class=\"wp-block-image size-large\"><img loading=\"lazy\" decoding=\"async\" width=\"2560\" height=\"1707\" data-id=\"5048\" src=\"https:\/\/medienkompetenztag.de\/wp-content\/uploads\/MG_1562-scaled.jpg\" alt=\"\" class=\"wp-image-5048\" srcset=\"https:\/\/medienkompetenztag.de\/wp-content\/uploads\/MG_1562-scaled.jpg 2560w, https:\/\/medienkompetenztag.de\/wp-content\/uploads\/MG_1562-300x200.jpg 300w, https:\/\/medienkompetenztag.de\/wp-content\/uploads\/MG_1562-1024x683.jpg 1024w, https:\/\/medienkompetenztag.de\/wp-content\/uploads\/MG_1562-768x512.jpg 768w, https:\/\/medienkompetenztag.de\/wp-content\/uploads\/MG_1562-1536x1024.jpg 1536w, https:\/\/medienkompetenztag.de\/wp-content\/uploads\/MG_1562-2048x1365.jpg 2048w, https:\/\/medienkompetenztag.de\/wp-content\/uploads\/MG_1562-750x500.jpg 750w\" sizes=\"auto, (max-width: 2560px) 100vw, 2560px\" \/><\/figure>\n\n\n\n<figure class=\"wp-block-image size-large\"><img loading=\"lazy\" decoding=\"async\" width=\"2560\" height=\"1707\" data-id=\"5050\" src=\"https:\/\/medienkompetenztag.de\/wp-content\/uploads\/image007-scaled.jpg\" alt=\"\" class=\"wp-image-5050\" srcset=\"https:\/\/medienkompetenztag.de\/wp-content\/uploads\/image007-scaled.jpg 2560w, https:\/\/medienkompetenztag.de\/wp-content\/uploads\/image007-300x200.jpg 300w, https:\/\/medienkompetenztag.de\/wp-content\/uploads\/image007-1024x683.jpg 1024w, https:\/\/medienkompetenztag.de\/wp-content\/uploads\/image007-768x512.jpg 768w, https:\/\/medienkompetenztag.de\/wp-content\/uploads\/image007-1536x1024.jpg 1536w, https:\/\/medienkompetenztag.de\/wp-content\/uploads\/image007-2048x1365.jpg 2048w, https:\/\/medienkompetenztag.de\/wp-content\/uploads\/image007-750x500.jpg 750w\" sizes=\"auto, (max-width: 2560px) 100vw, 2560px\" \/><\/figure>\n\n\n\n<figure class=\"wp-block-image size-large\"><img loading=\"lazy\" decoding=\"async\" width=\"2560\" height=\"1707\" data-id=\"5051\" src=\"https:\/\/medienkompetenztag.de\/wp-content\/uploads\/image012-scaled.jpg\" alt=\"\" class=\"wp-image-5051\" srcset=\"https:\/\/medienkompetenztag.de\/wp-content\/uploads\/image012-scaled.jpg 2560w, https:\/\/medienkompetenztag.de\/wp-content\/uploads\/image012-300x200.jpg 300w, https:\/\/medienkompetenztag.de\/wp-content\/uploads\/image012-1024x683.jpg 1024w, https:\/\/medienkompetenztag.de\/wp-content\/uploads\/image012-768x512.jpg 768w, https:\/\/medienkompetenztag.de\/wp-content\/uploads\/image012-1536x1024.jpg 1536w, https:\/\/medienkompetenztag.de\/wp-content\/uploads\/image012-2048x1365.jpg 2048w, https:\/\/medienkompetenztag.de\/wp-content\/uploads\/image012-750x500.jpg 750w\" sizes=\"auto, (max-width: 2560px) 100vw, 2560px\" \/><\/figure>\n\n\n\n<figure class=\"wp-block-image size-large\"><img loading=\"lazy\" decoding=\"async\" width=\"2560\" height=\"1707\" data-id=\"5052\" src=\"https:\/\/medienkompetenztag.de\/wp-content\/uploads\/image014-scaled.jpg\" alt=\"\" class=\"wp-image-5052\" srcset=\"https:\/\/medienkompetenztag.de\/wp-content\/uploads\/image014-scaled.jpg 2560w, https:\/\/medienkompetenztag.de\/wp-content\/uploads\/image014-300x200.jpg 300w, https:\/\/medienkompetenztag.de\/wp-content\/uploads\/image014-1024x683.jpg 1024w, https:\/\/medienkompetenztag.de\/wp-content\/uploads\/image014-768x512.jpg 768w, https:\/\/medienkompetenztag.de\/wp-content\/uploads\/image014-1536x1024.jpg 1536w, https:\/\/medienkompetenztag.de\/wp-content\/uploads\/image014-2048x1365.jpg 2048w, https:\/\/medienkompetenztag.de\/wp-content\/uploads\/image014-750x500.jpg 750w\" sizes=\"auto, (max-width: 2560px) 100vw, 2560px\" \/><\/figure>\n\n\n\n<figure class=\"wp-block-image size-large\"><img loading=\"lazy\" decoding=\"async\" width=\"2560\" height=\"1707\" data-id=\"5053\" src=\"https:\/\/medienkompetenztag.de\/wp-content\/uploads\/image016-scaled.jpg\" alt=\"\" class=\"wp-image-5053\" srcset=\"https:\/\/medienkompetenztag.de\/wp-content\/uploads\/image016-scaled.jpg 2560w, https:\/\/medienkompetenztag.de\/wp-content\/uploads\/image016-300x200.jpg 300w, https:\/\/medienkompetenztag.de\/wp-content\/uploads\/image016-1024x683.jpg 1024w, https:\/\/medienkompetenztag.de\/wp-content\/uploads\/image016-768x512.jpg 768w, https:\/\/medienkompetenztag.de\/wp-content\/uploads\/image016-1536x1024.jpg 1536w, https:\/\/medienkompetenztag.de\/wp-content\/uploads\/image016-2048x1365.jpg 2048w, https:\/\/medienkompetenztag.de\/wp-content\/uploads\/image016-750x500.jpg 750w\" sizes=\"auto, (max-width: 2560px) 100vw, 2560px\" \/><\/figure>\n\n\n\n<figure class=\"wp-block-image size-large\"><img loading=\"lazy\" decoding=\"async\" width=\"2560\" height=\"1836\" data-id=\"5054\" src=\"https:\/\/medienkompetenztag.de\/wp-content\/uploads\/image017-scaled.jpg\" alt=\"\" class=\"wp-image-5054\" srcset=\"https:\/\/medienkompetenztag.de\/wp-content\/uploads\/image017-scaled.jpg 2560w, https:\/\/medienkompetenztag.de\/wp-content\/uploads\/image017-300x215.jpg 300w, https:\/\/medienkompetenztag.de\/wp-content\/uploads\/image017-1024x734.jpg 1024w, https:\/\/medienkompetenztag.de\/wp-content\/uploads\/image017-768x551.jpg 768w, https:\/\/medienkompetenztag.de\/wp-content\/uploads\/image017-1536x1102.jpg 1536w, https:\/\/medienkompetenztag.de\/wp-content\/uploads\/image017-2048x1469.jpg 2048w\" sizes=\"auto, (max-width: 2560px) 100vw, 2560px\" \/><\/figure>\n\n\n\n<figure class=\"wp-block-image size-large\"><img loading=\"lazy\" decoding=\"async\" width=\"2560\" height=\"1707\" data-id=\"5049\" src=\"https:\/\/medienkompetenztag.de\/wp-content\/uploads\/image002-scaled.jpg\" alt=\"\" class=\"wp-image-5049\" srcset=\"https:\/\/medienkompetenztag.de\/wp-content\/uploads\/image002-scaled.jpg 2560w, https:\/\/medienkompetenztag.de\/wp-content\/uploads\/image002-300x200.jpg 300w, https:\/\/medienkompetenztag.de\/wp-content\/uploads\/image002-1024x683.jpg 1024w, https:\/\/medienkompetenztag.de\/wp-content\/uploads\/image002-768x512.jpg 768w, https:\/\/medienkompetenztag.de\/wp-content\/uploads\/image002-1536x1024.jpg 1536w, https:\/\/medienkompetenztag.de\/wp-content\/uploads\/image002-2048x1365.jpg 2048w, https:\/\/medienkompetenztag.de\/wp-content\/uploads\/image002-750x500.jpg 750w\" sizes=\"auto, (max-width: 2560px) 100vw, 2560px\" \/><\/figure>\n<\/figure>\n","protected":false},"excerpt":{"rendered":"<p>Der Arbeitskreis Medienkompetenz Halle &amp; Saalekreis lud am landesweiten Tag der Medienkompetenz Sachsen-Anhalt am 17. November 2022 zum Fachtag und Vernetzungstreffen ins Mitteldeutsche Multimediazentrum (MMZ) in Halle (Saale) ein. Der Arbeitskreis versteht sich als ein regional agierendes und interdisziplin\u00e4res Netzwerk. Das wesentliche Ziel des Gremiums ist die Vernetzung von verschiedenen Fachkompetenzen, um die Medienkompetenz von<a href=\"https:\/\/medienkompetenztag.de\/?p=5001\">[&#8230;]<\/a><\/p>\n","protected":false},"author":2,"featured_media":5002,"comment_status":"closed","ping_status":"closed","sticky":false,"template":"","format":"standard","meta":{"footnotes":""},"categories":[17],"tags":[],"class_list":["post-5001","post","type-post","status-publish","format-standard","has-post-thumbnail","hentry","category-ergebnisse-2022"],"_links":{"self":[{"href":"https:\/\/medienkompetenztag.de\/index.php?rest_route=\/wp\/v2\/posts\/5001","targetHints":{"allow":["GET"]}}],"collection":[{"href":"https:\/\/medienkompetenztag.de\/index.php?rest_route=\/wp\/v2\/posts"}],"about":[{"href":"https:\/\/medienkompetenztag.de\/index.php?rest_route=\/wp\/v2\/types\/post"}],"author":[{"embeddable":true,"href":"https:\/\/medienkompetenztag.de\/index.php?rest_route=\/wp\/v2\/users\/2"}],"replies":[{"embeddable":true,"href":"https:\/\/medienkompetenztag.de\/index.php?rest_route=%2Fwp%2Fv2%2Fcomments&post=5001"}],"version-history":[{"count":4,"href":"https:\/\/medienkompetenztag.de\/index.php?rest_route=\/wp\/v2\/posts\/5001\/revisions"}],"predecessor-version":[{"id":5055,"href":"https:\/\/medienkompetenztag.de\/index.php?rest_route=\/wp\/v2\/posts\/5001\/revisions\/5055"}],"wp:featuredmedia":[{"embeddable":true,"href":"https:\/\/medienkompetenztag.de\/index.php?rest_route=\/wp\/v2\/media\/5002"}],"wp:attachment":[{"href":"https:\/\/medienkompetenztag.de\/index.php?rest_route=%2Fwp%2Fv2%2Fmedia&parent=5001"}],"wp:term":[{"taxonomy":"category","embeddable":true,"href":"https:\/\/medienkompetenztag.de\/index.php?rest_route=%2Fwp%2Fv2%2Fcategories&post=5001"},{"taxonomy":"post_tag","embeddable":true,"href":"https:\/\/medienkompetenztag.de\/index.php?rest_route=%2Fwp%2Fv2%2Ftags&post=5001"}],"curies":[{"name":"wp","href":"https:\/\/api.w.org\/{rel}","templated":true}]}}