{"id":488,"date":"2016-10-27T13:00:07","date_gmt":"2016-10-27T11:00:07","guid":{"rendered":"https:\/\/medienkompetenztag.de\/?p=488"},"modified":"2017-11-09T18:13:38","modified_gmt":"2017-11-09T17:13:38","slug":"google-im-beruf-seo-social-media-suchmaschinen-marketing","status":"publish","type":"post","link":"https:\/\/medienkompetenztag.de\/?p=488","title":{"rendered":"Google im Beruf: SEO, Social Media &amp; Suchmaschinen-Marketing"},"content":{"rendered":"<p>Veranstalter:<br \/>\n<a href=\"https:\/\/medienkompetenztag.de\/?p=488\"><span style=\"color: #00ccff;\">Medienanstalt Sachsen-Anhalt<\/span><\/a><\/p>\n<p>Veranstaltungsort:<br \/>\nReichardtstra\u00dfe 8<br \/>\n06114 Halle<\/p>\n<p>Art der Aktion:<br \/>\nSonstiges<\/p>\n<p>Zielgruppe:<br \/>\ninteressierte B\u00fcrgerinnen und B\u00fcrger<\/p>\n<p>Ansprechpartner\/-in:<br \/>\nHerr Matthias Schmidt<\/p>\n<hr style=\"background-color: #ff4500; height: 1px;\" \/>\n<p>Sie m\u00fcssen sich f\u00fcr diese Aktion anmelden. Bitte nehmen Sie mit mir\/mit uns Kontakt auf!<\/p>\n<hr style=\"background-color: #ff4500; height: 1px;\" \/>\n<p>Google ist die gr\u00f6\u00dfte Suchmaschine der Welt und ein excellentes Business-Tool: E-Mail, Cloud, Hosting, Planer und PR-Maschine in einem. Doch wie baue ich eine Marketingstrategie auf? Welche Dienste sind n\u00fctzlich? Wie schalte ich Anzeigen? Wie sichere ich mich rechtlich ab? Das beantwortet dieser<br \/>\nKurs.<\/p>\n<p>vom 21.11.2016 bis 24.11.2016, t\u00e4glich von 17.00 bis 20.30 Uhr<\/p>\n<p>Kontakt zum Veranstalter:<br \/>\nMedienkompetenzzentrum der Medienanstalt Sachsen-Anhalt<br \/>\nReichardtstra\u00dfe 8<br \/>\n06114 Halle<br \/>\n0345\/5213-0<br \/>\n<a href=\"mailto:info@msa-online.de\">info@msa-online.de<\/a><br \/>\n<a href=\"http:\/\/www.msa-online.de\" target=\"_blank\">www.msa-online.de<\/a><\/p>\n<p><a href=\"javascript:history.back()\">zur\u00fcck<\/a><\/p>\n","protected":false},"excerpt":{"rendered":"<p>Veranstalter: Medienanstalt Sachsen-Anhalt Veranstaltungsort: Reichardtstra\u00dfe 8 06114 Halle Art der Aktion: Sonstiges Zielgruppe: interessierte B\u00fcrgerinnen und B\u00fcrger Ansprechpartner\/-in: Herr Matthias Schmidt Sie m\u00fcssen sich f\u00fcr diese Aktion anmelden. Bitte nehmen Sie mit mir\/mit uns Kontakt auf! Google ist die gr\u00f6\u00dfte Suchmaschine der Welt und ein excellentes Business-Tool: E-Mail, Cloud, Hosting, Planer und PR-Maschine in einem.<a href=\"https:\/\/medienkompetenztag.de\/?p=488\">[&#8230;]<\/a><\/p>\n","protected":false},"author":1,"featured_media":311,"comment_status":"closed","ping_status":"closed","sticky":false,"template":"","format":"standard","meta":{"footnotes":""},"categories":[6],"tags":[],"class_list":["post-488","post","type-post","status-publish","format-standard","has-post-thumbnail","hentry","category-aktionen2016"],"_links":{"self":[{"href":"https:\/\/medienkompetenztag.de\/index.php?rest_route=\/wp\/v2\/posts\/488","targetHints":{"allow":["GET"]}}],"collection":[{"href":"https:\/\/medienkompetenztag.de\/index.php?rest_route=\/wp\/v2\/posts"}],"about":[{"href":"https:\/\/medienkompetenztag.de\/index.php?rest_route=\/wp\/v2\/types\/post"}],"author":[{"embeddable":true,"href":"https:\/\/medienkompetenztag.de\/index.php?rest_route=\/wp\/v2\/users\/1"}],"replies":[{"embeddable":true,"href":"https:\/\/medienkompetenztag.de\/index.php?rest_route=%2Fwp%2Fv2%2Fcomments&post=488"}],"version-history":[{"count":6,"href":"https:\/\/medienkompetenztag.de\/index.php?rest_route=\/wp\/v2\/posts\/488\/revisions"}],"predecessor-version":[{"id":1063,"href":"https:\/\/medienkompetenztag.de\/index.php?rest_route=\/wp\/v2\/posts\/488\/revisions\/1063"}],"wp:featuredmedia":[{"embeddable":true,"href":"https:\/\/medienkompetenztag.de\/index.php?rest_route=\/wp\/v2\/media\/311"}],"wp:attachment":[{"href":"https:\/\/medienkompetenztag.de\/index.php?rest_route=%2Fwp%2Fv2%2Fmedia&parent=488"}],"wp:term":[{"taxonomy":"category","embeddable":true,"href":"https:\/\/medienkompetenztag.de\/index.php?rest_route=%2Fwp%2Fv2%2Fcategories&post=488"},{"taxonomy":"post_tag","embeddable":true,"href":"https:\/\/medienkompetenztag.de\/index.php?rest_route=%2Fwp%2Fv2%2Ftags&post=488"}],"curies":[{"name":"wp","href":"https:\/\/api.w.org\/{rel}","templated":true}]}}