{"id":486,"date":"2016-10-29T12:54:28","date_gmt":"2016-10-29T10:54:28","guid":{"rendered":"https:\/\/medienkompetenztag.de\/?p=486"},"modified":"2017-11-09T18:12:35","modified_gmt":"2017-11-09T17:12:35","slug":"individuelles-bewerbercoaching-sicheres-auftreten-bei-voelliger-ahnungslosigkeit","status":"publish","type":"post","link":"https:\/\/medienkompetenztag.de\/?p=486","title":{"rendered":"Individuelles Bewerbercoaching &#8211; Sicheres Auftreten bei v\u00f6lliger Ahnungslosigkeit"},"content":{"rendered":"<p>Veranstalter:<br \/>\n<a href=\"https:\/\/medienkompetenztag.de\/?p=486\"><span style=\"color: #00ccff;\">Medienanstalt Sachsen-Anhalt<\/span><\/a><\/p>\n<p>Veranstaltungsort:<br \/>\nReichardtstra\u00dfe 8<br \/>\n06114 Halle<\/p>\n<p>Art der Aktion:<br \/>\nSonstiges<\/p>\n<p>Zielgruppe:<br \/>\nBesonders f\u00fcr Berufsanf\u00e4nger, rhetorisch weniger gewappnete Personen und Alle, die sich auf Bewerbungs- und Dienstgespr\u00e4che aller Art besser vorbereiten wollen<\/p>\n<p>Ansprechpartner\/-in:<br \/>\nHerr Matthias Schmidt<\/p>\n<hr style=\"background-color: #ff4500; height: 1px;\" \/>\n<p>Sie m\u00fcssen sich f\u00fcr diese Aktion anmelden. Bitte nehmen Sie mit mir\/mit uns Kontakt auf!<\/p>\n<hr style=\"background-color: #ff4500; height: 1px;\" \/>\n<p>Sicheres Auftreten in wichtigen Situationen. Wie wirke ich in Gespr\u00e4chs- und Pr\u00e4sentationssituationen? Die Teilnehmenden lernen das freie Sprechen vor der Kamera in verschiedenen Situationen wie Bewerbungsgespr\u00e4ch, Informationsgespr\u00e4ch, Interview etc. Im Livestudio werden diese Sequenzen aufgezeichnet und ausgewertet, um eigene Verhaltensweisen vor der Kamera zu trainieren.<\/p>\n<p>vom 21.11.2016 bis 24.11.2016, t\u00e4glich von 17.00 bis 20.30 Uhr<\/p>\n<p>Kontakt zum Veranstalter:<br \/>\nMedienkompetenzzentrum der Medienanstalt Sachsen-Anhalt<br \/>\nReichardtstra\u00dfe 8<br \/>\n06114 Halle<br \/>\n0345\/5213-0<br \/>\n<a href=\"mailto:info@msa-online.de\">info@msa-online.de<\/a><br \/>\n<a href=\"http:\/\/www.msa-online.de\" target=\"_blank\" rel=\"noopener\">www.msa-online.de<\/a><\/p>\n<p><a href=\"javascript:history.back()\">zur\u00fcck<\/a><\/p>\n","protected":false},"excerpt":{"rendered":"<p>Veranstalter: Medienanstalt Sachsen-Anhalt Veranstaltungsort: Reichardtstra\u00dfe 8 06114 Halle Art der Aktion: Sonstiges Zielgruppe: Besonders f\u00fcr Berufsanf\u00e4nger, rhetorisch weniger gewappnete Personen und Alle, die sich auf Bewerbungs- und Dienstgespr\u00e4che aller Art besser vorbereiten wollen Ansprechpartner\/-in: Herr Matthias Schmidt Sie m\u00fcssen sich f\u00fcr diese Aktion anmelden. Bitte nehmen Sie mit mir\/mit uns Kontakt auf! Sicheres Auftreten in<a href=\"https:\/\/medienkompetenztag.de\/?p=486\">[&#8230;]<\/a><\/p>\n","protected":false},"author":1,"featured_media":311,"comment_status":"closed","ping_status":"closed","sticky":false,"template":"","format":"standard","meta":{"footnotes":""},"categories":[6],"tags":[],"class_list":["post-486","post","type-post","status-publish","format-standard","has-post-thumbnail","hentry","category-aktionen2016"],"_links":{"self":[{"href":"https:\/\/medienkompetenztag.de\/index.php?rest_route=\/wp\/v2\/posts\/486","targetHints":{"allow":["GET"]}}],"collection":[{"href":"https:\/\/medienkompetenztag.de\/index.php?rest_route=\/wp\/v2\/posts"}],"about":[{"href":"https:\/\/medienkompetenztag.de\/index.php?rest_route=\/wp\/v2\/types\/post"}],"author":[{"embeddable":true,"href":"https:\/\/medienkompetenztag.de\/index.php?rest_route=\/wp\/v2\/users\/1"}],"replies":[{"embeddable":true,"href":"https:\/\/medienkompetenztag.de\/index.php?rest_route=%2Fwp%2Fv2%2Fcomments&post=486"}],"version-history":[{"count":6,"href":"https:\/\/medienkompetenztag.de\/index.php?rest_route=\/wp\/v2\/posts\/486\/revisions"}],"predecessor-version":[{"id":1058,"href":"https:\/\/medienkompetenztag.de\/index.php?rest_route=\/wp\/v2\/posts\/486\/revisions\/1058"}],"wp:featuredmedia":[{"embeddable":true,"href":"https:\/\/medienkompetenztag.de\/index.php?rest_route=\/wp\/v2\/media\/311"}],"wp:attachment":[{"href":"https:\/\/medienkompetenztag.de\/index.php?rest_route=%2Fwp%2Fv2%2Fmedia&parent=486"}],"wp:term":[{"taxonomy":"category","embeddable":true,"href":"https:\/\/medienkompetenztag.de\/index.php?rest_route=%2Fwp%2Fv2%2Fcategories&post=486"},{"taxonomy":"post_tag","embeddable":true,"href":"https:\/\/medienkompetenztag.de\/index.php?rest_route=%2Fwp%2Fv2%2Ftags&post=486"}],"curies":[{"name":"wp","href":"https:\/\/api.w.org\/{rel}","templated":true}]}}