{"id":484,"date":"2016-10-28T12:00:08","date_gmt":"2016-10-28T10:00:08","guid":{"rendered":"https:\/\/medienkompetenztag.de\/?p=484"},"modified":"2017-11-09T18:13:20","modified_gmt":"2017-11-09T17:13:20","slug":"entwickeln-von-webapps","status":"publish","type":"post","link":"https:\/\/medienkompetenztag.de\/?p=484","title":{"rendered":"Entwickeln von WebApps"},"content":{"rendered":"<p>Veranstalter:<\/p>\n<p><a href=\"https:\/\/medienkompetenztag.de\/?p=484\"><span style=\"color: #00ccff;\">Medienanstalt Sachsen-Anhalt\/ Medienkompetenzzentrum<\/span><\/a><\/p>\n<p>Veranstaltungsort:<br \/>\nReichardtstra\u00dfe 8<br \/>\n06114 Halle<\/p>\n<p>Art der Aktion:<br \/>\nSonstiges<\/p>\n<p>Zielgruppe:<br \/>\nalle interessierten B\u00fcrgerinnen und B\u00fcrger<\/p>\n<p>Ansprechpartner\/-in:<br \/>\nHerr Matthias Schmidt<\/p>\n<hr style=\"background-color: #ff4500; height: 1px;\" \/>\n<p>Sie m\u00fcssen sich f\u00fcr diese Aktion anmelden. Bitte nehmen Sie mit mir\/mit uns Kontakt auf!<\/p>\n<hr style=\"background-color: #ff4500; height: 1px;\" \/>\n<p>Mit der Verbreitung von Smartphones und Tablets ist die Nutzung von mobilen Applikationen Teil des Lebensalltags geworden. Im Verlauf dieses Kurses entwickeln die Teilnehmenden mit g\u00e4ngigen Webtechnologien eigene Apps. Als Testger\u00e4te stehen iPads zur Verf\u00fcgung.<\/p>\n<hr style=\"background-color: #ff4500; height: 1px;\" \/>\n<p>vom 23.11.2016 bis 25.11.2016, t\u00e4glich von 9.00 bis 16.30 Uhr, freitags von 9.00 bis 14.00 Uhr<\/p>\n<hr style=\"background-color: #ff4500; height: 1px;\" \/>\n<p>Kontakt zum Veranstalter:<br \/>\nMedienkompetenzzentrum der Medienanstalt Sachsen-Anhalt<br \/>\nReichardtstra\u00dfe 8<br \/>\n06114 Halle<br \/>\n0345\/5213-0<br \/>\n<a href=\"mailto:info@msa-online.de\">info@msa-online.de<\/a><br \/>\n<a href=\"http:\/\/www.msa-online.de\" target=\"_blank\">www.msa-online.de<\/a><\/p>\n<p><a href=\"javascript:history.back()\">zur\u00fcck<\/a><\/p>\n","protected":false},"excerpt":{"rendered":"<p>Veranstalter: Medienanstalt Sachsen-Anhalt\/ Medienkompetenzzentrum Veranstaltungsort: Reichardtstra\u00dfe 8 06114 Halle Art der Aktion: Sonstiges Zielgruppe: alle interessierten B\u00fcrgerinnen und B\u00fcrger Ansprechpartner\/-in: Herr Matthias Schmidt Sie m\u00fcssen sich f\u00fcr diese Aktion anmelden. Bitte nehmen Sie mit mir\/mit uns Kontakt auf! Mit der Verbreitung von Smartphones und Tablets ist die Nutzung von mobilen Applikationen Teil des Lebensalltags geworden.<a href=\"https:\/\/medienkompetenztag.de\/?p=484\">[&#8230;]<\/a><\/p>\n","protected":false},"author":1,"featured_media":311,"comment_status":"closed","ping_status":"closed","sticky":false,"template":"","format":"standard","meta":{"footnotes":""},"categories":[6],"tags":[],"class_list":["post-484","post","type-post","status-publish","format-standard","has-post-thumbnail","hentry","category-aktionen2016"],"_links":{"self":[{"href":"https:\/\/medienkompetenztag.de\/index.php?rest_route=\/wp\/v2\/posts\/484","targetHints":{"allow":["GET"]}}],"collection":[{"href":"https:\/\/medienkompetenztag.de\/index.php?rest_route=\/wp\/v2\/posts"}],"about":[{"href":"https:\/\/medienkompetenztag.de\/index.php?rest_route=\/wp\/v2\/types\/post"}],"author":[{"embeddable":true,"href":"https:\/\/medienkompetenztag.de\/index.php?rest_route=\/wp\/v2\/users\/1"}],"replies":[{"embeddable":true,"href":"https:\/\/medienkompetenztag.de\/index.php?rest_route=%2Fwp%2Fv2%2Fcomments&post=484"}],"version-history":[{"count":7,"href":"https:\/\/medienkompetenztag.de\/index.php?rest_route=\/wp\/v2\/posts\/484\/revisions"}],"predecessor-version":[{"id":1061,"href":"https:\/\/medienkompetenztag.de\/index.php?rest_route=\/wp\/v2\/posts\/484\/revisions\/1061"}],"wp:featuredmedia":[{"embeddable":true,"href":"https:\/\/medienkompetenztag.de\/index.php?rest_route=\/wp\/v2\/media\/311"}],"wp:attachment":[{"href":"https:\/\/medienkompetenztag.de\/index.php?rest_route=%2Fwp%2Fv2%2Fmedia&parent=484"}],"wp:term":[{"taxonomy":"category","embeddable":true,"href":"https:\/\/medienkompetenztag.de\/index.php?rest_route=%2Fwp%2Fv2%2Fcategories&post=484"},{"taxonomy":"post_tag","embeddable":true,"href":"https:\/\/medienkompetenztag.de\/index.php?rest_route=%2Fwp%2Fv2%2Ftags&post=484"}],"curies":[{"name":"wp","href":"https:\/\/api.w.org\/{rel}","templated":true}]}}