{"id":483,"date":"2016-10-28T11:53:37","date_gmt":"2016-10-28T09:53:37","guid":{"rendered":"https:\/\/medienkompetenztag.de\/?p=483"},"modified":"2017-11-09T18:13:27","modified_gmt":"2017-11-09T17:13:27","slug":"professionelles-layout-mit-adobe-indesign-cc-powerkurs","status":"publish","type":"post","link":"https:\/\/medienkompetenztag.de\/?p=483","title":{"rendered":"Professionelles Layout mit Adobe InDesign CC &#8211; Powerkurs"},"content":{"rendered":"<p>Veranstalter:<\/p>\n<p><a href=\"https:\/\/medienkompetenztag.de\/?p=483\"><span style=\"color: #00ccff;\">Medienanstalt Sachsen-Anhalt<\/span><\/a><\/p>\n<p>Veranstaltungsort:<br \/>\nReichardtstra\u00dfe 8<br \/>\n06114 Halle<\/p>\n<p>Art der Aktion:<br \/>\nSonstiges<\/p>\n<p>Zielgruppe:<br \/>\nalle interessierten B\u00fcrgerinnen und B\u00fcrger<\/p>\n<p>Ansprechpartner\/-in:<br \/>\nHerr Matthias Schmidt<\/p>\n<hr style=\"background-color: #ff4500; height: 1px;\" \/>\n<p>Sie m\u00fcssen sich f\u00fcr diese Aktion anmelden. Bitte nehmen Sie mit mir\/mit uns Kontakt auf!<\/p>\n<hr style=\"background-color: #ff4500; height: 1px;\" \/>\n<p>Adobe InDesign ist eines der f\u00fchrenden DTP-Programme zur Gestaltung von professionellen Layouts f\u00fcr Magazine, Flyer oder andere Printprodukte. Im Workshop werden grundlegende Funktionen und Arbeitsweisen vermittelt, die die Teilnehmenden in die Lage versetzen, ein eigenes mehrseitiges Layout zu erstellen und f\u00fcr den Druck vorzubereiten.<\/p>\n<p>vom 21.11.2016 bis 24.11.2016, t\u00e4glich von 9.00 bis 16.00 Uhr<\/p>\n<p>Kontakt zum Veranstalter:<br \/>\nMedienkompetenzzentrum der Medienanstalt Sachsen-Anhalt<br \/>\nReichardtstra\u00dfe 8<br \/>\n06114 Halle<br \/>\n0345\/5213-0<br \/>\n<a href=\"mailto:info@msa-online.de\">info@msa-online.de<\/a><br \/>\n<a href=\"http:\/\/www.msa-online.de\" target=\"_blank\">www.msa-online.de<\/a><\/p>\n<p><a href=\"javascript:history.back()\">zur\u00fcck<\/a><\/p>\n","protected":false},"excerpt":{"rendered":"<p>Veranstalter: Medienanstalt Sachsen-Anhalt Veranstaltungsort: Reichardtstra\u00dfe 8 06114 Halle Art der Aktion: Sonstiges Zielgruppe: alle interessierten B\u00fcrgerinnen und B\u00fcrger Ansprechpartner\/-in: Herr Matthias Schmidt Sie m\u00fcssen sich f\u00fcr diese Aktion anmelden. Bitte nehmen Sie mit mir\/mit uns Kontakt auf! Adobe InDesign ist eines der f\u00fchrenden DTP-Programme zur Gestaltung von professionellen Layouts f\u00fcr Magazine, Flyer oder andere Printprodukte.<a href=\"https:\/\/medienkompetenztag.de\/?p=483\">[&#8230;]<\/a><\/p>\n","protected":false},"author":1,"featured_media":311,"comment_status":"closed","ping_status":"closed","sticky":false,"template":"","format":"standard","meta":{"footnotes":""},"categories":[6],"tags":[],"class_list":["post-483","post","type-post","status-publish","format-standard","has-post-thumbnail","hentry","category-aktionen2016"],"_links":{"self":[{"href":"https:\/\/medienkompetenztag.de\/index.php?rest_route=\/wp\/v2\/posts\/483","targetHints":{"allow":["GET"]}}],"collection":[{"href":"https:\/\/medienkompetenztag.de\/index.php?rest_route=\/wp\/v2\/posts"}],"about":[{"href":"https:\/\/medienkompetenztag.de\/index.php?rest_route=\/wp\/v2\/types\/post"}],"author":[{"embeddable":true,"href":"https:\/\/medienkompetenztag.de\/index.php?rest_route=\/wp\/v2\/users\/1"}],"replies":[{"embeddable":true,"href":"https:\/\/medienkompetenztag.de\/index.php?rest_route=%2Fwp%2Fv2%2Fcomments&post=483"}],"version-history":[{"count":6,"href":"https:\/\/medienkompetenztag.de\/index.php?rest_route=\/wp\/v2\/posts\/483\/revisions"}],"predecessor-version":[{"id":1062,"href":"https:\/\/medienkompetenztag.de\/index.php?rest_route=\/wp\/v2\/posts\/483\/revisions\/1062"}],"wp:featuredmedia":[{"embeddable":true,"href":"https:\/\/medienkompetenztag.de\/index.php?rest_route=\/wp\/v2\/media\/311"}],"wp:attachment":[{"href":"https:\/\/medienkompetenztag.de\/index.php?rest_route=%2Fwp%2Fv2%2Fmedia&parent=483"}],"wp:term":[{"taxonomy":"category","embeddable":true,"href":"https:\/\/medienkompetenztag.de\/index.php?rest_route=%2Fwp%2Fv2%2Fcategories&post=483"},{"taxonomy":"post_tag","embeddable":true,"href":"https:\/\/medienkompetenztag.de\/index.php?rest_route=%2Fwp%2Fv2%2Ftags&post=483"}],"curies":[{"name":"wp","href":"https:\/\/api.w.org\/{rel}","templated":true}]}}