{"id":4712,"date":"2022-10-13T07:57:45","date_gmt":"2022-10-13T05:57:45","guid":{"rendered":"https:\/\/medienkompetenztag.de\/?p=4712"},"modified":"2022-10-13T09:21:51","modified_gmt":"2022-10-13T07:21:51","slug":"bubble-crasher-raus-aus-der-filterblase","status":"publish","type":"post","link":"https:\/\/medienkompetenztag.de\/?p=4712","title":{"rendered":"Bubble Crasher &#8211; Raus aus der Filterblase!"},"content":{"rendered":"\n<p><strong>Veranstalter:<\/strong><\/p>\n\n\n\n<p><span style=\"color: #00ccff;\">Ev. Akademie Sachsen-Anhalt e.V.<\/span><\/p>\n\n\n\n<figure class=\"wp-block-image size-large is-resized\"><img loading=\"lazy\" decoding=\"async\" src=\"https:\/\/medienkompetenztag.de\/wp-content\/uploads\/logo-ev-akademie-1-1024x383.png\" alt=\"\" class=\"wp-image-4718\" width=\"296\" height=\"111\" srcset=\"https:\/\/medienkompetenztag.de\/wp-content\/uploads\/logo-ev-akademie-1-1024x383.png 1024w, https:\/\/medienkompetenztag.de\/wp-content\/uploads\/logo-ev-akademie-1-300x112.png 300w, https:\/\/medienkompetenztag.de\/wp-content\/uploads\/logo-ev-akademie-1-768x287.png 768w, https:\/\/medienkompetenztag.de\/wp-content\/uploads\/logo-ev-akademie-1-1536x574.png 1536w, https:\/\/medienkompetenztag.de\/wp-content\/uploads\/logo-ev-akademie-1-2048x766.png 2048w\" sizes=\"auto, (max-width: 296px) 100vw, 296px\" \/><\/figure>\n\n\n\n<p><strong>Veranstaltungsort:<\/strong><\/p>\n\n\n\n<p><span style=\"color: #000000;\">Zinzendorfplatz 3<br>99192 Neudietendorf<\/span><\/p>\n\n\n\n<p><strong>Art der Aktion:<\/strong><br>thematischer Workshop<\/p>\n\n\n\n<p><strong>Zielgruppe:<\/strong><br>Jugendmitarbeitende, Studierende, Multiplikatorinnen und Multiplikatoren<\/p>\n\n\n\n<p>Bitte melden Sie sich m\u00f6glichst bis zum 01.11.2022 an. F\u00fcr die Anmeldung nutzen Sie bitte das Online-Anmeldeformular der Ev. Akademie Th\u00fcringen.<\/p>\n\n\n\n<p>Menschen stellen sich nur ungern selbst infrage. Daher umgeben sie sich meist mit anderen, die ihnen \u00e4hnlich sind und sie in ihrem Selbstbild best\u00e4tigen. An sich ist das nur menschlich. Problematisch wird es allerdings, wenn geschlossene Filterblasen entstehen und andere Ansichten oder Lebensrealit\u00e4ten nicht mehr wahrgenommen werden.<\/p>\n\n\n\n<p>Das Projekt Bubble Crasher der Ev. Akademien Th\u00fcringen und Sachsen-Anhalt hat Methoden entwickelt, gesellschaftliche Spaltung im Kleinen anzugehen und Jugendliche fit zu machen, Menschen au\u00dferhalb ihrer Filterbubble zu treffen. In dem zweit\u00e4gigen Workshop werden die Methoden vorgestellt und k\u00f6nnen f\u00fcr die eigene Bildungspraxis erprobt werden.<\/p>\n\n\n\n<p><strong>17.-18.11.2022<\/strong><\/p>\n\n\n\n<p><strong>Kontakt zum Veranstalter:<\/strong><br>Schlossplatz 1d<br>06886 Lutherstadt Wittenberg<br>0349149880<br><a href=\"mailto:thiel@ev-akademie-wittenberg.de\">thiel@ev-akademie-wittenberg.de<\/a><br>Infos und Anmeldung unter: <a rel=\"noreferrer noopener\" href=\"https:\/\/www.ev-akademie-thueringen.de\/veranstaltungen\/116-2022\/\" target=\"_blank\">http<\/a><a href=\"https:\/\/www.ev-akademie-thueringen.de\/veranstaltungen\/116-2022\/\" target=\"_blank\" rel=\"noreferrer noopener\">s<\/a><a rel=\"noreferrer noopener\" href=\"https:\/\/www.ev-akademie-thueringen.de\/veranstaltungen\/116-2022\/\" target=\"_blank\">:\/\/www.ev-akademie-thueringen.de\/veranstaltungen\/116-2022\/<\/a><\/p>\n\n\n\n<p><\/p>\n","protected":false},"excerpt":{"rendered":"<p>Veranstalter: Ev. Akademie Sachsen-Anhalt e.V. Veranstaltungsort: Zinzendorfplatz 399192 Neudietendorf Art der Aktion:thematischer Workshop Zielgruppe:Jugendmitarbeitende, Studierende, Multiplikatorinnen und Multiplikatoren Bitte melden Sie sich m\u00f6glichst bis zum 01.11.2022 an. F\u00fcr die Anmeldung nutzen Sie bitte das Online-Anmeldeformular der Ev. Akademie Th\u00fcringen. Menschen stellen sich nur ungern selbst infrage. Daher umgeben sie sich meist mit anderen, die ihnen<a href=\"https:\/\/medienkompetenztag.de\/?p=4712\">[&#8230;]<\/a><\/p>\n","protected":false},"author":0,"featured_media":4730,"comment_status":"closed","ping_status":"closed","sticky":false,"template":"","format":"standard","meta":{"footnotes":""},"categories":[16],"tags":[],"class_list":["post-4712","post","type-post","status-publish","format-standard","has-post-thumbnail","hentry","category-aktionen-2022"],"_links":{"self":[{"href":"https:\/\/medienkompetenztag.de\/index.php?rest_route=\/wp\/v2\/posts\/4712","targetHints":{"allow":["GET"]}}],"collection":[{"href":"https:\/\/medienkompetenztag.de\/index.php?rest_route=\/wp\/v2\/posts"}],"about":[{"href":"https:\/\/medienkompetenztag.de\/index.php?rest_route=\/wp\/v2\/types\/post"}],"replies":[{"embeddable":true,"href":"https:\/\/medienkompetenztag.de\/index.php?rest_route=%2Fwp%2Fv2%2Fcomments&post=4712"}],"version-history":[{"count":5,"href":"https:\/\/medienkompetenztag.de\/index.php?rest_route=\/wp\/v2\/posts\/4712\/revisions"}],"predecessor-version":[{"id":4738,"href":"https:\/\/medienkompetenztag.de\/index.php?rest_route=\/wp\/v2\/posts\/4712\/revisions\/4738"}],"wp:featuredmedia":[{"embeddable":true,"href":"https:\/\/medienkompetenztag.de\/index.php?rest_route=\/wp\/v2\/media\/4730"}],"wp:attachment":[{"href":"https:\/\/medienkompetenztag.de\/index.php?rest_route=%2Fwp%2Fv2%2Fmedia&parent=4712"}],"wp:term":[{"taxonomy":"category","embeddable":true,"href":"https:\/\/medienkompetenztag.de\/index.php?rest_route=%2Fwp%2Fv2%2Fcategories&post=4712"},{"taxonomy":"post_tag","embeddable":true,"href":"https:\/\/medienkompetenztag.de\/index.php?rest_route=%2Fwp%2Fv2%2Ftags&post=4712"}],"curies":[{"name":"wp","href":"https:\/\/api.w.org\/{rel}","templated":true}]}}