{"id":4679,"date":"2022-10-11T12:50:50","date_gmt":"2022-10-11T10:50:50","guid":{"rendered":"https:\/\/medienkompetenztag.de\/?p=4679"},"modified":"2022-11-03T09:04:38","modified_gmt":"2022-11-03T08:04:38","slug":"digitale-kompass-reihe-fuer-mehr-sicherheit-und-nachhaltigkeit-hybridveranstaltung-online-und-vor-ort-2","status":"publish","type":"post","link":"https:\/\/medienkompetenztag.de\/?p=4679","title":{"rendered":"Digitale Kompass-Reihe f\u00fcr mehr Sicherheit und Nachhaltigkeit (Hybridveranstaltung: Online und vor Ort)"},"content":{"rendered":"\n<p><strong>Veranstalter:<\/strong><\/p>\n\n\n\n<p><span style=\"color: #00ccff;\">Otto-von-Guericke-Universit\u00e4t Magdeburg<\/span><br><span style=\"color: #00ccff;\">Fakult\u00e4t f\u00fcr Informatik<\/span><\/p>\n\n\n\n<figure class=\"wp-block-image size-full is-resized\"><img loading=\"lazy\" decoding=\"async\" src=\"https:\/\/medienkompetenztag.de\/wp-content\/uploads\/DigiKompass-online-3-jpeg-500x500px-300dpi.jpg\" alt=\"\" class=\"wp-image-4681\" width=\"304\" height=\"304\" srcset=\"https:\/\/medienkompetenztag.de\/wp-content\/uploads\/DigiKompass-online-3-jpeg-500x500px-300dpi.jpg 500w, https:\/\/medienkompetenztag.de\/wp-content\/uploads\/DigiKompass-online-3-jpeg-500x500px-300dpi-300x300.jpg 300w, https:\/\/medienkompetenztag.de\/wp-content\/uploads\/DigiKompass-online-3-jpeg-500x500px-300dpi-150x150.jpg 150w, https:\/\/medienkompetenztag.de\/wp-content\/uploads\/DigiKompass-online-3-jpeg-500x500px-300dpi-250x250.jpg 250w, https:\/\/medienkompetenztag.de\/wp-content\/uploads\/DigiKompass-online-3-jpeg-500x500px-300dpi-174x174.jpg 174w\" sizes=\"auto, (max-width: 304px) 100vw, 304px\" \/><\/figure>\n\n\n\n<p><strong>Veranstaltungsort:<\/strong><\/p>\n\n\n\n<p><span style=\"color: #000000;\">Universit\u00e4tsplatz 2<br>39106 Magdeburg<\/span><\/p>\n\n\n\n<p><strong>Art der Aktion:<\/strong><br>thematischer Vortrag<\/p>\n\n\n\n<p><strong>Zielgruppe:<\/strong><br>Lehrpersonal und Privatpersonen mit Interesse an Datenschutz, Systemsicherheit und Nachhaltigkeit<\/p>\n\n\n\n<p class=\"has-text-align-center\"><strong>Sonstige Hinweise<\/strong><br>Teilnahme vor Ort und Online ohne Anmeldung m\u00f6glich (Weitere Hinweise entnehmen Sie bitte dem Feld &#8222;Kontakt&#8220;)<\/p>\n\n\n\n<p>Wir laden Sie herzlich zum Vortrag \u00fcber eins unserer aktuellen Projekte ein. Hierbei geht es dieses Mal um Selbsthilfe bei der digitalen Selbstverteidigung und f\u00fcr mehr Nachhaltigkeit im Kontext digitaler Medien.<\/p>\n\n\n\n<p class=\"has-text-align-center\">Unsere wachsende Kompass-Reihe greift f\u00fcr die Gesellschaft elementare Fragen zur Sicherheit und zum nachhaltigem Handeln im Zusammenhang mit modernen Medien auf. Denn in vielen Punkten ist der Schutz der eigenen Daten nicht &#8222;von Hause aus&#8220; gew\u00e4hrleistet. Zum anderen existieren eine Vielzahl an M\u00f6glichkeiten, mit denen die Mediennutzung ressourcenschonender erfolgen kann. Oft gehen Sicherheit und Nachhaltigkeit sogar Hand in Hand.<\/p>\n\n\n\n<p class=\"has-text-align-center\">Die Tipps f\u00fcr Einsteiger*innen und Fortgeschrittene versetzen Sch\u00fclerinnen und Sch\u00fcler sowie Lehrerschaft und nat\u00fcrlich auch alle Interessierten in die Lage, den Mediengebrauch verantwortungsvoll und angemessen zu gestalten. Damit werden die Chancen der Digitalisierung bei gleichzeitiger Ressourcen- und Risikominimierung zur Wahrung der pers\u00f6nlichen Gestaltungsfreiheit genutzt.<\/p>\n\n\n\n<p class=\"has-text-align-left\"><strong>17.11.22, 17:30 &#8211; 18:30 Uhr<\/strong><\/p>\n\n\n\n<p class=\"has-text-align-left\"><strong>Kontakt zum Veranstalter:<\/strong><br>Otto-von-Guericke-Universit\u00e4t Magdeburg<br>Fakult\u00e4t f\u00fcr Informatik<br>Marcel Pauli<br>Universit\u00e4tsplatz 2<br>39106 Magdeburg<\/p>\n\n\n\n<p class=\"has-text-align-left\">Die Veranstaltung findet im Geb\u00e4ude 29, Raum 130 (1. OG) statt. Einen Lageplan zur Orientierung finden Sie hier: <a href=\"https:\/\/smjt.ovgu.de\/Vor+Ort\/Orientierung\/Lageplan.html\" target=\"_blank\" rel=\"noreferrer noopener\">https:\/\/smjt.ovgu.de\/Vor+Ort\/Orientierung\/Lageplan.html<\/a><\/p>\n\n\n\n<p>Personen, die online teilnehmen m\u00f6chten, nutzen bitte den folgenden Link zu unserem lokalen, datensparsamen und virtuellen Raum des Webkonferenzsystems Big Blue Button (BBB): <a rel=\"noreferrer noopener\" href=\"https:\/\/gamma.cs.uni-magdeburg.de\/b\/mar-y9d-fho-k81\" target=\"_blank\">https:\/\/gamma.cs.uni-magdeburg.de\/b\/mar-y9d-fho-k81<\/a><br><br>Telefon: 0391 67-58968<br>E-Mail: <a href=\"mailto:pauli@ovgu.de\">pauli@ovgu.de<\/a><br>Webseite Arbeitsgruppe Multimedia and Security: <a href=\"https:\/\/omen.cs.uni-magdeburg.de\/itiamsl\/deutsch\/home\/index.html  ||  forschung-sachsen-anhalt.de\/project\/security-design-orchestrierung-cyber-22986\">omen.cs.uni-magdeburg.de\/itiamsl\/deutsch\/home\/index.html<\/a><br>Projektbeschreibung: <a rel=\"noreferrer noopener\" href=\"https:\/\/forschung-sachsen-anhalt.de\/project\/security-design-orchestrierung-cyber-22986\" target=\"_blank\">forschung-sachsen-anhalt.de\/project\/security-design-orchestrierung-cyber-22986<\/a><\/p>\n","protected":false},"excerpt":{"rendered":"<p>Veranstalter: Otto-von-Guericke-Universit\u00e4t MagdeburgFakult\u00e4t f\u00fcr Informatik Veranstaltungsort: Universit\u00e4tsplatz 239106 Magdeburg Art der Aktion:thematischer Vortrag Zielgruppe:Lehrpersonal und Privatpersonen mit Interesse an Datenschutz, Systemsicherheit und Nachhaltigkeit Sonstige HinweiseTeilnahme vor Ort und Online ohne Anmeldung m\u00f6glich (Weitere Hinweise entnehmen Sie bitte dem Feld &#8222;Kontakt&#8220;) Wir laden Sie herzlich zum Vortrag \u00fcber eins unserer aktuellen Projekte ein. Hierbei geht es<a href=\"https:\/\/medienkompetenztag.de\/?p=4679\">[&#8230;]<\/a><\/p>\n","protected":false},"author":0,"featured_media":4682,"comment_status":"closed","ping_status":"closed","sticky":false,"template":"","format":"standard","meta":{"footnotes":""},"categories":[16],"tags":[],"class_list":["post-4679","post","type-post","status-publish","format-standard","has-post-thumbnail","hentry","category-aktionen-2022"],"_links":{"self":[{"href":"https:\/\/medienkompetenztag.de\/index.php?rest_route=\/wp\/v2\/posts\/4679","targetHints":{"allow":["GET"]}}],"collection":[{"href":"https:\/\/medienkompetenztag.de\/index.php?rest_route=\/wp\/v2\/posts"}],"about":[{"href":"https:\/\/medienkompetenztag.de\/index.php?rest_route=\/wp\/v2\/types\/post"}],"replies":[{"embeddable":true,"href":"https:\/\/medienkompetenztag.de\/index.php?rest_route=%2Fwp%2Fv2%2Fcomments&post=4679"}],"version-history":[{"count":10,"href":"https:\/\/medienkompetenztag.de\/index.php?rest_route=\/wp\/v2\/posts\/4679\/revisions"}],"predecessor-version":[{"id":4845,"href":"https:\/\/medienkompetenztag.de\/index.php?rest_route=\/wp\/v2\/posts\/4679\/revisions\/4845"}],"wp:featuredmedia":[{"embeddable":true,"href":"https:\/\/medienkompetenztag.de\/index.php?rest_route=\/wp\/v2\/media\/4682"}],"wp:attachment":[{"href":"https:\/\/medienkompetenztag.de\/index.php?rest_route=%2Fwp%2Fv2%2Fmedia&parent=4679"}],"wp:term":[{"taxonomy":"category","embeddable":true,"href":"https:\/\/medienkompetenztag.de\/index.php?rest_route=%2Fwp%2Fv2%2Fcategories&post=4679"},{"taxonomy":"post_tag","embeddable":true,"href":"https:\/\/medienkompetenztag.de\/index.php?rest_route=%2Fwp%2Fv2%2Ftags&post=4679"}],"curies":[{"name":"wp","href":"https:\/\/api.w.org\/{rel}","templated":true}]}}