{"id":4528,"date":"2022-09-12T12:22:16","date_gmt":"2022-09-12T10:22:16","guid":{"rendered":"https:\/\/medienkompetenztag.de\/?p=4528"},"modified":"2022-09-27T10:54:38","modified_gmt":"2022-09-27T08:54:38","slug":"thematischer-online-elternabend-fuer-die-grundschule","status":"publish","type":"post","link":"https:\/\/medienkompetenztag.de\/?p=4528","title":{"rendered":"Thematischer Online-Elternabend f\u00fcr die Grundschule"},"content":{"rendered":"\n<p><strong>Veranstalter:<\/strong><\/p>\n\n\n\n<p><span style=\"color: #00ccff;\">Medienanstalt Sachsen-Anhalt<\/span><\/p>\n\n\n\n<figure class=\"wp-block-image size-large\"><img decoding=\"async\" src=\"https:\/\/www.medien-kompetenz-netzwerk.de\/wp-content\/uploads\/2020\/03\/MeMo_LOGO-e1637586550663-300x97.jpg\" alt=\"\"\/><\/figure>\n\n\n\n<p><strong>Veranstaltungsort:<\/strong><\/p>\n\n\n\n<p><span style=\"color: #000000;\">Reichardtstra\u00dfe 8<br>06114 Halle<\/span><\/p>\n\n\n\n<p><strong>Art der Aktion:<\/strong><br>thematischer Vortrag, Online-Seminar<\/p>\n\n\n\n<p><strong>Zielgruppe:<\/strong><br>Eltern<\/p>\n\n\n\n<p>Sie m\u00fcssen sich f\u00fcr diese Aktion anmelden. Bitte nehmen Sie mit uns Kontakt auf!<\/p>\n\n\n\n<p>Mit dem Elternabend m\u00f6chten wir Eltern von Grundschulkindern bei den Herausforderungen, die die Medienwelt t\u00e4glich stellt, unterst\u00fctzen. Angesprochen werden Themen wie: Wann ist es Zeit f\u00fcr das erste Smartphone? oder Wie kann mein Kind sicher das Internet und soziale Netzwerke nutzen? Ebenso werden Stolperfallen wie Datenschutz, Mobbing und rechtliche Aspekte aufgegriffen.<\/p>\n\n\n\n<p>Gemeinsam werden die Medienp\u00e4dagogen*innen der Medienanstalt Sachsen-Anhalt in der 90-min\u00fctigen Onlineveranstaltung mit Ihnen die Medienwelt Ihrer Kinder analysieren.<\/p>\n\n\n\n<p>Anmeldungen werden per Mail (<a href=\"mailto:mkz@medienanstalt-sachsen-anhalt.de\">mkz@medienanstalt-sachsen-anhalt.de<\/a>) entgegengenommen. Im Vorfeld der Veranstaltung erhalten Sie die Zugangsdaten zugesandt.<\/p>\n\n\n\n<p><strong>17.11.2021 von 17:00 Uhr bis 18:30 Uhr<\/strong><\/p>\n\n\n\n<p><strong>Kontakt zum Veranstalter:<\/strong><br>Medieanstalt Sachsen-Anhalt<br>Medienkompetenzzentrum | Team der Medienmobile<br>Reichardtstra\u00dfe 8<br>06114 Halle<br><br>0345 \/ 52 13 0<br><a href=\"mailto:medienmobil@medienanstalt-sachsen-anhalt.de\">medienmobil@medienanstalt-sachsen-anhalt.de<\/a><br><a href=\"https:\/\/medienanstalt-sachsen-anhalt.de\/medienkompetenz\/medienmobile\/index.html\" target=\"_blank\" rel=\"noopener\">https:\/\/medienanstalt-sachsen-anhalt.de\/medienkompetenz\/medienmobile\/index.html<\/a><\/p>\n","protected":false},"excerpt":{"rendered":"<p>Veranstalter: Medienanstalt Sachsen-Anhalt Veranstaltungsort: Reichardtstra\u00dfe 806114 Halle Art der Aktion:thematischer Vortrag, Online-Seminar Zielgruppe:Eltern Sie m\u00fcssen sich f\u00fcr diese Aktion anmelden. Bitte nehmen Sie mit uns Kontakt auf! Mit dem Elternabend m\u00f6chten wir Eltern von Grundschulkindern bei den Herausforderungen, die die Medienwelt t\u00e4glich stellt, unterst\u00fctzen. Angesprochen werden Themen wie: Wann ist es Zeit f\u00fcr das erste<a href=\"https:\/\/medienkompetenztag.de\/?p=4528\">[&#8230;]<\/a><\/p>\n","protected":false},"author":0,"featured_media":3209,"comment_status":"closed","ping_status":"closed","sticky":false,"template":"","format":"standard","meta":{"footnotes":""},"categories":[16],"tags":[],"class_list":["post-4528","post","type-post","status-publish","format-standard","has-post-thumbnail","hentry","category-aktionen-2022"],"_links":{"self":[{"href":"https:\/\/medienkompetenztag.de\/index.php?rest_route=\/wp\/v2\/posts\/4528","targetHints":{"allow":["GET"]}}],"collection":[{"href":"https:\/\/medienkompetenztag.de\/index.php?rest_route=\/wp\/v2\/posts"}],"about":[{"href":"https:\/\/medienkompetenztag.de\/index.php?rest_route=\/wp\/v2\/types\/post"}],"replies":[{"embeddable":true,"href":"https:\/\/medienkompetenztag.de\/index.php?rest_route=%2Fwp%2Fv2%2Fcomments&post=4528"}],"version-history":[{"count":7,"href":"https:\/\/medienkompetenztag.de\/index.php?rest_route=\/wp\/v2\/posts\/4528\/revisions"}],"predecessor-version":[{"id":4589,"href":"https:\/\/medienkompetenztag.de\/index.php?rest_route=\/wp\/v2\/posts\/4528\/revisions\/4589"}],"wp:featuredmedia":[{"embeddable":true,"href":"https:\/\/medienkompetenztag.de\/index.php?rest_route=\/wp\/v2\/media\/3209"}],"wp:attachment":[{"href":"https:\/\/medienkompetenztag.de\/index.php?rest_route=%2Fwp%2Fv2%2Fmedia&parent=4528"}],"wp:term":[{"taxonomy":"category","embeddable":true,"href":"https:\/\/medienkompetenztag.de\/index.php?rest_route=%2Fwp%2Fv2%2Fcategories&post=4528"},{"taxonomy":"post_tag","embeddable":true,"href":"https:\/\/medienkompetenztag.de\/index.php?rest_route=%2Fwp%2Fv2%2Ftags&post=4528"}],"curies":[{"name":"wp","href":"https:\/\/api.w.org\/{rel}","templated":true}]}}