{"id":384,"date":"2016-11-02T10:41:13","date_gmt":"2016-11-02T09:41:13","guid":{"rendered":"https:\/\/medienkompetenztag.de\/?p=384"},"modified":"2017-11-09T18:12:10","modified_gmt":"2017-11-09T17:12:10","slug":"medienkompetenz-fuer-seniorinnen-und-senioren-ueber-die-bedeutung-von-digitalen-techniken-wie-laptop-tablet-und-smartphone-fuer-die-aktive-teilnahme-am-alltagsleben","status":"publish","type":"post","link":"https:\/\/medienkompetenztag.de\/?p=384","title":{"rendered":"Medienkompetenz f\u00fcr Seniorinnen und Senioren"},"content":{"rendered":"<p><a href=\"http:\/\/www.maw-bildung.de\" target=\"_blank\"><img loading=\"lazy\" decoding=\"async\" class=\"alignnone size-medium wp-image-388\" src=\"https:\/\/medienkompetenztag.de\/wp-content\/uploads\/klaus2-300x199.jpg\" alt=\"klaus2\" width=\"300\" height=\"199\" srcset=\"https:\/\/medienkompetenztag.de\/wp-content\/uploads\/klaus2-300x199.jpg 300w, https:\/\/medienkompetenztag.de\/wp-content\/uploads\/klaus2.jpg 600w\" sizes=\"auto, (max-width: 300px) 100vw, 300px\" \/><\/a><br \/>\nVeranstalter:<br \/>\n<a href=\"https:\/\/medienkompetenztag.de\/?p=384\"><span style=\"color: #00ccff;\">Klaus-Werner M\u00fcller M.A. <\/span><\/a><\/p>\n<p>\u00dcber die Bedeutung von digitalen Techniken wie Laptop, Tablet und Smartphone f\u00fcr die aktive Teilnahme am Alltagsleben<\/p>\n<p>Veranstaltungsort:<br \/>\nBWG-Erlebnishaus, Holzplatz 10<br \/>\n06110 Halle (Saale)<\/p>\n<p>Art der Aktion:<br \/>\nthematischer Vortrag, Gespr\u00e4chsrunde\/Diskussionsrunde<\/p>\n<p>Zielgruppe:<br \/>\nSeniorinnen und Senioren<\/p>\n<hr style=\"background-color: #ff4500; height: 1px;\" \/>\n<p>Wir begr\u00fc\u00dfen Sie am 23. November 2016 zu unserem Aktionsangebot. Eine Anmeldung ist nicht erforderlich.<\/p>\n<hr style=\"background-color: #ff4500; height: 1px;\" \/>\n<p>Ansprechpartner\/-in:<br \/>\nHerr Klaus-Werner M\u00fcller<br \/>\nKommunikationswissenschaftler MAW-Bildung, Harz 51, 06108 Halle (Saale)<\/p>\n<p>Bildung ist wie Rudern gegen den Strom, wer damit aufh\u00f6rt, treibt zur\u00fcck.<br \/>\nMedienkompetenz: Warum ich als Seniorin\/Senior unbedingt medienkompetent sein sollte.<br \/>\nVortrag und Informationsrunde mit Fragen rund um die Medienkompetenz.<\/p>\n<p>am 23. November 2016 von 09:00 Uhr bis ca. 11:00 Uhr (anschlie\u00dfend kleine Gespr\u00e4chsrunde und Fragem\u00f6glichkeit)<\/p>\n<p>Kontakt zum Veranstalter:<br \/>\nKlaus-Werner M\u00fcller M.A.<br \/>\nKommunikationswissenschaftler<br \/>\nMAW Mediengest\u00fctzte Aus- und Weiterbildung<br \/>\nHarz 51<br \/>\n06108 Halle (Saale)<br \/>\nin Kooperation mit<br \/>\nBWG<br \/>\nJohann-Sebastian-Bach-Str. 23<br \/>\n06124 Halle (Saale)<br \/>\n0345-2391840 oder 0151-59103270<br \/>\n<a href=\"mailto:info@maw-bildung.de\" target=\"_blank\">info@maw-bildung.de<\/a><br \/>\n<a href=\"http:\/\/www.maw-bildung.de\" target=\"_blank\">www.maw-bildung.de<\/a><\/p>\n<p><a href=\"javascript:history.back()\">zur\u00fcck<\/a><\/p>\n","protected":false},"excerpt":{"rendered":"<p>Veranstalter: Klaus-Werner M\u00fcller M.A. \u00dcber die Bedeutung von digitalen Techniken wie Laptop, Tablet und Smartphone f\u00fcr die aktive Teilnahme am Alltagsleben Veranstaltungsort: BWG-Erlebnishaus, Holzplatz 10 06110 Halle (Saale) Art der Aktion: thematischer Vortrag, Gespr\u00e4chsrunde\/Diskussionsrunde Zielgruppe: Seniorinnen und Senioren Wir begr\u00fc\u00dfen Sie am 23. November 2016 zu unserem Aktionsangebot. Eine Anmeldung ist nicht erforderlich. Ansprechpartner\/-in: Herr<a href=\"https:\/\/medienkompetenztag.de\/?p=384\">[&#8230;]<\/a><\/p>\n","protected":false},"author":1,"featured_media":387,"comment_status":"closed","ping_status":"closed","sticky":false,"template":"","format":"standard","meta":{"footnotes":""},"categories":[6],"tags":[],"class_list":["post-384","post","type-post","status-publish","format-standard","has-post-thumbnail","hentry","category-aktionen2016"],"_links":{"self":[{"href":"https:\/\/medienkompetenztag.de\/index.php?rest_route=\/wp\/v2\/posts\/384","targetHints":{"allow":["GET"]}}],"collection":[{"href":"https:\/\/medienkompetenztag.de\/index.php?rest_route=\/wp\/v2\/posts"}],"about":[{"href":"https:\/\/medienkompetenztag.de\/index.php?rest_route=\/wp\/v2\/types\/post"}],"author":[{"embeddable":true,"href":"https:\/\/medienkompetenztag.de\/index.php?rest_route=\/wp\/v2\/users\/1"}],"replies":[{"embeddable":true,"href":"https:\/\/medienkompetenztag.de\/index.php?rest_route=%2Fwp%2Fv2%2Fcomments&post=384"}],"version-history":[{"count":27,"href":"https:\/\/medienkompetenztag.de\/index.php?rest_route=\/wp\/v2\/posts\/384\/revisions"}],"predecessor-version":[{"id":1055,"href":"https:\/\/medienkompetenztag.de\/index.php?rest_route=\/wp\/v2\/posts\/384\/revisions\/1055"}],"wp:featuredmedia":[{"embeddable":true,"href":"https:\/\/medienkompetenztag.de\/index.php?rest_route=\/wp\/v2\/media\/387"}],"wp:attachment":[{"href":"https:\/\/medienkompetenztag.de\/index.php?rest_route=%2Fwp%2Fv2%2Fmedia&parent=384"}],"wp:term":[{"taxonomy":"category","embeddable":true,"href":"https:\/\/medienkompetenztag.de\/index.php?rest_route=%2Fwp%2Fv2%2Fcategories&post=384"},{"taxonomy":"post_tag","embeddable":true,"href":"https:\/\/medienkompetenztag.de\/index.php?rest_route=%2Fwp%2Fv2%2Ftags&post=384"}],"curies":[{"name":"wp","href":"https:\/\/api.w.org\/{rel}","templated":true}]}}