{"id":3449,"date":"2021-11-12T14:39:18","date_gmt":"2021-11-12T13:39:18","guid":{"rendered":"https:\/\/medienkompetenztag.de\/?p=3449"},"modified":"2021-11-15T14:30:48","modified_gmt":"2021-11-15T13:30:48","slug":"praesenz-im-digitalen-unterricht-so-ueberwinden-sie-soziale-distanz-online","status":"publish","type":"post","link":"https:\/\/medienkompetenztag.de\/?p=3449","title":{"rendered":"Pr\u00e4senz im digitalen Unterricht: So \u00fcberwinden Sie soziale Distanz online."},"content":{"rendered":"\n<p><strong>Veranstalter:<\/strong><\/p>\n\n\n\n<figure class=\"wp-block-image size-large is-resized\"><img loading=\"lazy\" decoding=\"async\" src=\"https:\/\/medienkompetenztag.de\/wp-content\/uploads\/Logotype-small.png\" alt=\"\" class=\"wp-image-3455\" width=\"174\" height=\"96\"\/><\/figure>\n\n\n\n<p><span style=\"color: #00ccff;\">IST Deutschland GmbH<\/span><\/p>\n\n\n\n<p><strong>Veranstaltungsort:<\/strong><\/p>\n\n\n\n<p>online \/ Zugangsdaten erhalten Sie nach der Anmeldung<\/p>\n\n\n\n<p><strong>Art der Aktion:<\/strong><br>thematischer Workshop, thematische Schulung, Online-Seminar<\/p>\n\n\n\n<p><strong>Zielgruppe:<\/strong><br>Lehrkr\u00e4fte, P\u00e4dagogInnen, Aus- und WeiterbildnerInnen<\/p>\n\n\n\n<p class=\"has-text-align-left\">Bitte melden Sie sich \u00fcber dieses Formular an: <br><a rel=\"noreferrer noopener\" href=\"https:\/\/online.superoffice.com\/Cust20231\/CS\/scripts\/customer.fcgi?action=formFrame&amp;formId=F-vJ65dErJ\" target=\"_blank\">https:\/\/online.superoffice.com\/Cust20231\/CS\/scripts\/<\/a><br><a rel=\"noreferrer noopener\" href=\"https:\/\/online.superoffice.com\/Cust20231\/CS\/scripts\/customer.fcgi?action=formFrame&amp;formId=F-vJ65dErJ\" target=\"_blank\">customer.fcgi?action=formFrame&amp;formId=F-vJ65dErJ<\/a><\/p>\n\n\n\n<p>Unterricht via Webcam, Kommunikation \u00fcber Email oder Chat, PDFs, Plattformen, Tools \u2013 die Arbeit an Schulen erlebt durch digitale Medien und M\u00f6glichkeiten ganz neue Formen und Formate, und alle haben sich mehr oder weniger mit verschiedenen M\u00f6glichkeiten auseinandergesetzt \u2013 immer mit dem Ziel, Ihren Sch\u00fcler*Innen und Sch\u00fclern auch \u00fcber eventuelle Hindernisse hinweg weiter eine gute Lehrkraft zu sein. Die Vielzahl an Funktionen, Programmen und Tools ist &#8211; f\u00fcr die einen mehr f\u00fcr die anderen weniger &#8211; eine verlockende Herausforderung.<\/p>\n\n\n\n<p>Ihr pers\u00f6nlicher Bezug zu Ihren Lernenden, wie auch in der Gruppe, bleibt bei allen Ver\u00e4nderungen weiter der Kern Ihrer Arbeit. Es gilt, die Atmosph\u00e4re eines Klassenverbunds in vier W\u00e4nden auch online zu f\u00f6rdern.<\/p>\n\n\n\n<p>Wie k\u00f6nnen Sie Ihren Sch\u00fcler*Innen weiterhin \u2013 auch individuelle \u2013 Aufmerksamkeit schenken, wenn Gesichter und Stimmen in den Hintergrund treten?<br>Wie bleiben Sie und Ihr Anliegen an Ihre Lernenden pr\u00e4sent?<br>Welchen Mehrwert bietet Unterricht in unterschiedlichem Modus, auch f\u00fcr die Beziehungsarbeit?<\/p>\n\n\n\n<p>Dieser Workshop widmet sich daher folgende Punkten:<br>&#8211; Worin unterscheidet sich ein Webmeeting von einem physischen Treffen genau?<br>&#8211; So st\u00e4rken Sie online die Gruppendynamik.<br>&#8211; So k\u00f6nnen Sie die pers\u00f6nliche Beziehung digital herstellen und pflegen.<br>&#8211; Bleiben Sie mit digitaler Unterst\u00fctzung und Struktur pr\u00e4sent.<\/p>\n\n\n\n<p>Ihr Referent ist Peter Neelmeyer, Digital Learning Manager<\/p>\n\n\n\n<p>Selbstverst\u00e4ndlich erhalten Sie im Anschluss eine Teilnahmebest\u00e4tigung.<\/p>\n\n\n\n<p>18. November 2021 von 15.00 bis 16.00 Uhr<\/p>\n\n\n\n<p><strong>Kontakt zum Veranstalter:<\/strong><br>Franziska Bewer<br>Bergstra\u00dfe 23<br>23843 Neritz<br><br>04531\/8804-40<br><a href=\"mailto:info.de@ist.com\">info.de@ist.com<\/a><br><a rel=\"noopener\" href=\"http:\/\/www.ist.com\" target=\"_blank\">www.ist.com<\/a><\/p>\n","protected":false},"excerpt":{"rendered":"<p>Veranstalter: IST Deutschland GmbH Veranstaltungsort: online \/ Zugangsdaten erhalten Sie nach der Anmeldung Art der Aktion:thematischer Workshop, thematische Schulung, Online-Seminar Zielgruppe:Lehrkr\u00e4fte, P\u00e4dagogInnen, Aus- und WeiterbildnerInnen Bitte melden Sie sich \u00fcber dieses Formular an: https:\/\/online.superoffice.com\/Cust20231\/CS\/scripts\/customer.fcgi?action=formFrame&amp;formId=F-vJ65dErJ Unterricht via Webcam, Kommunikation \u00fcber Email oder Chat, PDFs, Plattformen, Tools \u2013 die Arbeit an Schulen erlebt durch digitale Medien und<a href=\"https:\/\/medienkompetenztag.de\/?p=3449\">[&#8230;]<\/a><\/p>\n","protected":false},"author":0,"featured_media":3456,"comment_status":"closed","ping_status":"closed","sticky":false,"template":"","format":"standard","meta":{"footnotes":""},"categories":[14],"tags":[],"class_list":["post-3449","post","type-post","status-publish","format-standard","has-post-thumbnail","hentry","category-aktionen-2021"],"_links":{"self":[{"href":"https:\/\/medienkompetenztag.de\/index.php?rest_route=\/wp\/v2\/posts\/3449","targetHints":{"allow":["GET"]}}],"collection":[{"href":"https:\/\/medienkompetenztag.de\/index.php?rest_route=\/wp\/v2\/posts"}],"about":[{"href":"https:\/\/medienkompetenztag.de\/index.php?rest_route=\/wp\/v2\/types\/post"}],"replies":[{"embeddable":true,"href":"https:\/\/medienkompetenztag.de\/index.php?rest_route=%2Fwp%2Fv2%2Fcomments&post=3449"}],"version-history":[{"count":5,"href":"https:\/\/medienkompetenztag.de\/index.php?rest_route=\/wp\/v2\/posts\/3449\/revisions"}],"predecessor-version":[{"id":3474,"href":"https:\/\/medienkompetenztag.de\/index.php?rest_route=\/wp\/v2\/posts\/3449\/revisions\/3474"}],"wp:featuredmedia":[{"embeddable":true,"href":"https:\/\/medienkompetenztag.de\/index.php?rest_route=\/wp\/v2\/media\/3456"}],"wp:attachment":[{"href":"https:\/\/medienkompetenztag.de\/index.php?rest_route=%2Fwp%2Fv2%2Fmedia&parent=3449"}],"wp:term":[{"taxonomy":"category","embeddable":true,"href":"https:\/\/medienkompetenztag.de\/index.php?rest_route=%2Fwp%2Fv2%2Fcategories&post=3449"},{"taxonomy":"post_tag","embeddable":true,"href":"https:\/\/medienkompetenztag.de\/index.php?rest_route=%2Fwp%2Fv2%2Ftags&post=3449"}],"curies":[{"name":"wp","href":"https:\/\/api.w.org\/{rel}","templated":true}]}}