{"id":3448,"date":"2021-11-12T13:38:26","date_gmt":"2021-11-12T12:38:26","guid":{"rendered":"https:\/\/medienkompetenztag.de\/?p=3448"},"modified":"2021-11-15T12:00:53","modified_gmt":"2021-11-15T11:00:53","slug":"social-media-wie-abhaengig-sind-wir","status":"publish","type":"post","link":"https:\/\/medienkompetenztag.de\/?p=3448","title":{"rendered":"Social Media: Wie abh\u00e4ngig sind wir?"},"content":{"rendered":"\n<p><strong>Veranstalter:<\/strong><\/p>\n\n\n\n<p><span style=\"color: #00ccff;\">Landeszentrale f\u00fcr politische Bildung Sachsen-Anhalt<\/span><\/p>\n\n\n\n<figure class=\"wp-block-image size-large is-resized\"><img loading=\"lazy\" decoding=\"async\" src=\"https:\/\/medienkompetenztag.de\/wp-content\/uploads\/LSA_LZ_bunt-1024x1024.png\" alt=\"\" class=\"wp-image-3451\" width=\"236\" height=\"236\" srcset=\"https:\/\/medienkompetenztag.de\/wp-content\/uploads\/LSA_LZ_bunt-1024x1024.png 1024w, https:\/\/medienkompetenztag.de\/wp-content\/uploads\/LSA_LZ_bunt-300x300.png 300w, https:\/\/medienkompetenztag.de\/wp-content\/uploads\/LSA_LZ_bunt-150x150.png 150w, https:\/\/medienkompetenztag.de\/wp-content\/uploads\/LSA_LZ_bunt-768x768.png 768w, https:\/\/medienkompetenztag.de\/wp-content\/uploads\/LSA_LZ_bunt-1536x1536.png 1536w, https:\/\/medienkompetenztag.de\/wp-content\/uploads\/LSA_LZ_bunt-250x250.png 250w, https:\/\/medienkompetenztag.de\/wp-content\/uploads\/LSA_LZ_bunt-174x174.png 174w, https:\/\/medienkompetenztag.de\/wp-content\/uploads\/LSA_LZ_bunt.png 1772w\" sizes=\"auto, (max-width: 236px) 100vw, 236px\" \/><\/figure>\n\n\n\n<p><strong>Veranstaltungsort:<\/strong><\/p>\n\n\n\n<p>online \/ Zugangsdaten erhalten Sie nach der Anmeldung<\/p>\n\n\n\n<p><strong>Art der Aktion:<\/strong><br>Gespr\u00e4chsrunde\/Diskussionsrunde<\/p>\n\n\n\n<p><strong>Zielgruppe:<\/strong><br>P\u00e4dagogen, Studierende, Eltern<\/p>\n\n\n\n<p>Die Nutzung von Social Media ist in der heutigen Zeit nicht mehr wegzudenken. T\u00e4glich befinden wir uns auf facebook, Instagram, LinkedIn &amp; Co. In einem Online-Talk sprechen Olaf Sch\u00fctte, Gesch\u00e4ftsf\u00fchrer der fjp&gt;media, dem Verband der jungen Medienmacher in Sachsen-Anhalt, und Johannes Baldauf, Public Policy Manager bei Meta, \u00fcber die zunehmende Gefahr der Social-Media-Sucht. Das Gespr\u00e4ch \u201eSocial Media: Wie abh\u00e4ngig sind wir?\u201c wird von Susann Lehmann moderiert.<\/p>\n\n\n\n<p>Seien Sie bei dem spannenden Austausch am 18. November 2021 ab 15.30 Uhr dabei! Melden Sie sich an bei <a href=\"mailto:diana.doerks@sachsen-anhalt.de\">diana.doerks@sachsen-anhalt.de<\/a>.<\/p>\n\n\n\n<p>18.11.2021 um 15.30 Uhr<\/p>\n\n\n\n<p><strong>Kontakt zum Veranstalter:<\/strong><br>Diana Doerks<br>Landeszentrale f\u00fcr politische Bildung Sachsen-Anhalt<br>Leiterstra\u00dfe 2<br>39104 Magdeburg<br>03915676452<br><a href=\"mailto:diana.doerks@sachsen-anhalt.de\">diana.doerks@sachsen-anhalt.de<\/a><br><a href=\"https:\/\/lpb.sachsen-anhalt.de\/online-angebote\/bundesweite-aktionstage-netzpolitik-demokratie\/\" target=\"_blank\" rel=\"noreferrer noopener\">https:\/\/lpb.sachsen-anhalt.de\/online-angebote\/bundesweite-aktionstage-netzpolitik-demokratie\/<\/a><\/p>\n\n\n\n<p><\/p>\n","protected":false},"excerpt":{"rendered":"<p>Veranstalter: Landeszentrale f\u00fcr politische Bildung Sachsen-Anhalt Veranstaltungsort: online \/ Zugangsdaten erhalten Sie nach der Anmeldung Art der Aktion:Gespr\u00e4chsrunde\/Diskussionsrunde Zielgruppe:P\u00e4dagogen, Studierende, Eltern Die Nutzung von Social Media ist in der heutigen Zeit nicht mehr wegzudenken. T\u00e4glich befinden wir uns auf facebook, Instagram, LinkedIn &amp; Co. In einem Online-Talk sprechen Olaf Sch\u00fctte, Gesch\u00e4ftsf\u00fchrer der fjp&gt;media, dem Verband<a href=\"https:\/\/medienkompetenztag.de\/?p=3448\">[&#8230;]<\/a><\/p>\n","protected":false},"author":0,"featured_media":3452,"comment_status":"closed","ping_status":"closed","sticky":false,"template":"","format":"standard","meta":{"footnotes":""},"categories":[14],"tags":[],"class_list":["post-3448","post","type-post","status-publish","format-standard","has-post-thumbnail","hentry","category-aktionen-2021"],"_links":{"self":[{"href":"https:\/\/medienkompetenztag.de\/index.php?rest_route=\/wp\/v2\/posts\/3448","targetHints":{"allow":["GET"]}}],"collection":[{"href":"https:\/\/medienkompetenztag.de\/index.php?rest_route=\/wp\/v2\/posts"}],"about":[{"href":"https:\/\/medienkompetenztag.de\/index.php?rest_route=\/wp\/v2\/types\/post"}],"replies":[{"embeddable":true,"href":"https:\/\/medienkompetenztag.de\/index.php?rest_route=%2Fwp%2Fv2%2Fcomments&post=3448"}],"version-history":[{"count":3,"href":"https:\/\/medienkompetenztag.de\/index.php?rest_route=\/wp\/v2\/posts\/3448\/revisions"}],"predecessor-version":[{"id":3466,"href":"https:\/\/medienkompetenztag.de\/index.php?rest_route=\/wp\/v2\/posts\/3448\/revisions\/3466"}],"wp:featuredmedia":[{"embeddable":true,"href":"https:\/\/medienkompetenztag.de\/index.php?rest_route=\/wp\/v2\/media\/3452"}],"wp:attachment":[{"href":"https:\/\/medienkompetenztag.de\/index.php?rest_route=%2Fwp%2Fv2%2Fmedia&parent=3448"}],"wp:term":[{"taxonomy":"category","embeddable":true,"href":"https:\/\/medienkompetenztag.de\/index.php?rest_route=%2Fwp%2Fv2%2Fcategories&post=3448"},{"taxonomy":"post_tag","embeddable":true,"href":"https:\/\/medienkompetenztag.de\/index.php?rest_route=%2Fwp%2Fv2%2Ftags&post=3448"}],"curies":[{"name":"wp","href":"https:\/\/api.w.org\/{rel}","templated":true}]}}