{"id":3373,"date":"2021-11-01T09:34:28","date_gmt":"2021-11-01T08:34:28","guid":{"rendered":"https:\/\/medienkompetenztag.de\/?p=3373"},"modified":"2021-11-02T17:05:28","modified_gmt":"2021-11-02T16:05:28","slug":"auf-dem-weg-zur-internet-abc-schule-reflexion-vertiefung-und-implementierung-im-schulalltag-zusatzmodul","status":"publish","type":"post","link":"https:\/\/medienkompetenztag.de\/?p=3373","title":{"rendered":"Auf dem Weg zur Internet-ABC-Schule \u2013 Reflexion, Vertiefung und Implementierung im Schulalltag (Zusatzmodul)"},"content":{"rendered":"\n<p><strong>Veranstalter:<\/strong><\/p>\n\n\n\n<p><span style=\"color: #00ccff;\">Medienanstalt Sachsen-Anhalt und Landesinstitut f\u00fcr Schulqualit\u00e4t und Lehrerbildung (LISA) Halle (Saale)<\/span><\/p>\n\n\n\n<figure class=\"wp-block-image\"><img loading=\"lazy\" decoding=\"async\" width=\"300\" height=\"208\" src=\"https:\/\/medienkompetenztag.de\/wp-content\/uploads\/iABC_Logo_website-300x208.png\" alt=\"\" class=\"wp-image-3377\" srcset=\"https:\/\/medienkompetenztag.de\/wp-content\/uploads\/iABC_Logo_website-300x208.png 300w, https:\/\/medienkompetenztag.de\/wp-content\/uploads\/iABC_Logo_website.png 491w\" sizes=\"auto, (max-width: 300px) 100vw, 300px\" \/><\/figure>\n\n\n\n<p><strong>Veranstaltungsort:<\/strong><\/p>\n\n\n\n<p>Landesinstitut f\u00fcr Schulqualit\u00e4t und Lehrerbildung (LISA) Halle (Saale), Riebeckplatz 9<br>06110 Halle (Saale) <\/p>\n\n\n\n<p><strong>Art der Aktion:<\/strong><br>thematische Schulung<\/p>\n\n\n\n<p><strong>Zielgruppe:<\/strong><br>Lehrkr\u00e4fte Grundschule<\/p>\n\n\n\n<p><strong>Ansprechpartner\/-in:<\/strong><br>Susanne von Holten, Frank Indrischek<\/p>\n\n\n\n<p><strong>Die Teilnehmenden f\u00fcr die Aktion stehen bereits fest, eine Anmeldung ist leider nicht mehr m\u00f6glich.<\/strong><\/p>\n\n\n\n<p>Die Veranstaltung richtet sich an die Schulen, die sich auf dem Weg zur \u201eInternet-ABC-Schule Sachsen-Anhalt\u201c befinden. Die Fortbildung soll der Vertiefung der Inhalte und dem Austausch an Erfahrungen dienen, die die Teilnehmenden im Kontext des Einsatzes des Internet-ABC in ihren Schulen gesammelt haben.<\/p>\n\n\n\n<p>Folgenden Themen werden bearbeitet:<br>&#8211; Austausch zu ersten Erfahrungen des Einsatzes des Internet-ABCs im Unterricht<br>&#8211; Herausforderungen\/Probleme zur Erf\u00fcllung der Siegelvoraussetzungen \u00fcberwinden und Perspektiven entwickeln<br>&#8211; Internet ist mehr als ABC \u2013 Impulse zum Leben in der digitalen Welt<br>&#8211; Erfahrungsaustausch zur altersgerechten, didaktisch-methodischen Unterrichtsgestaltung im Hinblick auf ein Lernmodul<br>&#8211; Kennenlernen und M\u00f6glichkeiten der Mitgestaltung des Netzwerkraumes der \u201eInternet-ABC-Schulen\u201c<br>&#8211; Verankerung des Internet-ABCs im Medienbildungskonzept der Schule bzw. im Schulprogramm<br>&#8211; \u00dcberpr\u00fcfung des Lernstandes mit analogen und digitalen Mitteln<\/p>\n\n\n\n<p>17. bis 18.11.2021<\/p>\n\n\n\n<p><strong>Kontakt zur Veranstalterin:<\/strong><br>Medienanstalt Sachsen-Anhalt<br>Reichardtstra\u00dfe 9<br>06114 Halle (Saale)<\/p>\n\n\n\n<p>0345\/5255131<br><a href=\"mailto:info@medienanstalt-sachsen-anhalt.de\">info@medienanstalt-sachsen-anhalt.de<\/a><br><br>Weitere Infos zum Projekt Internet-ABC-Schulen Sachsen-Anhalt: <br><a href=\"http:\/\/https:\/\/medienanstalt-sachsen-anhalt.de\/jugendmedienschutz\/internet-abc-schule-werden\/internet-abc-schulen421.html?acceptCookie=1\" target=\"_blank\" rel=\"noopener\">https:\/\/medienanstalt-sachsen-anhalt.de\/jugendmedienschutz\/internet-abc-schule-werden\/internet-abc-schulen421.html<\/a><\/p>\n","protected":false},"excerpt":{"rendered":"<p>Veranstalter: Medienanstalt Sachsen-Anhalt und Landesinstitut f\u00fcr Schulqualit\u00e4t und Lehrerbildung (LISA) Halle (Saale) Veranstaltungsort: Landesinstitut f\u00fcr Schulqualit\u00e4t und Lehrerbildung (LISA) Halle (Saale), Riebeckplatz 906110 Halle (Saale) Art der Aktion:thematische Schulung Zielgruppe:Lehrkr\u00e4fte Grundschule Ansprechpartner\/-in:Susanne von Holten, Frank Indrischek Die Teilnehmenden f\u00fcr die Aktion stehen bereits fest, eine Anmeldung ist leider nicht mehr m\u00f6glich. Die Veranstaltung richtet sich<a href=\"https:\/\/medienkompetenztag.de\/?p=3373\">[&#8230;]<\/a><\/p>\n","protected":false},"author":0,"featured_media":3376,"comment_status":"closed","ping_status":"closed","sticky":false,"template":"","format":"standard","meta":{"footnotes":""},"categories":[14],"tags":[],"class_list":["post-3373","post","type-post","status-publish","format-standard","has-post-thumbnail","hentry","category-aktionen-2021"],"_links":{"self":[{"href":"https:\/\/medienkompetenztag.de\/index.php?rest_route=\/wp\/v2\/posts\/3373","targetHints":{"allow":["GET"]}}],"collection":[{"href":"https:\/\/medienkompetenztag.de\/index.php?rest_route=\/wp\/v2\/posts"}],"about":[{"href":"https:\/\/medienkompetenztag.de\/index.php?rest_route=\/wp\/v2\/types\/post"}],"replies":[{"embeddable":true,"href":"https:\/\/medienkompetenztag.de\/index.php?rest_route=%2Fwp%2Fv2%2Fcomments&post=3373"}],"version-history":[{"count":6,"href":"https:\/\/medienkompetenztag.de\/index.php?rest_route=\/wp\/v2\/posts\/3373\/revisions"}],"predecessor-version":[{"id":3428,"href":"https:\/\/medienkompetenztag.de\/index.php?rest_route=\/wp\/v2\/posts\/3373\/revisions\/3428"}],"wp:featuredmedia":[{"embeddable":true,"href":"https:\/\/medienkompetenztag.de\/index.php?rest_route=\/wp\/v2\/media\/3376"}],"wp:attachment":[{"href":"https:\/\/medienkompetenztag.de\/index.php?rest_route=%2Fwp%2Fv2%2Fmedia&parent=3373"}],"wp:term":[{"taxonomy":"category","embeddable":true,"href":"https:\/\/medienkompetenztag.de\/index.php?rest_route=%2Fwp%2Fv2%2Fcategories&post=3373"},{"taxonomy":"post_tag","embeddable":true,"href":"https:\/\/medienkompetenztag.de\/index.php?rest_route=%2Fwp%2Fv2%2Ftags&post=3373"}],"curies":[{"name":"wp","href":"https:\/\/api.w.org\/{rel}","templated":true}]}}