{"id":3283,"date":"2021-09-23T11:18:19","date_gmt":"2021-09-23T09:18:19","guid":{"rendered":"https:\/\/medienkompetenztag.de\/?p=3283"},"modified":"2021-11-11T17:08:54","modified_gmt":"2021-11-11T16:08:54","slug":"so-geht-moderne-medienproduktion-fuer-die-ohren-von-radio-bis-podcast","status":"publish","type":"post","link":"https:\/\/medienkompetenztag.de\/?p=3283","title":{"rendered":"So geht moderne Medienproduktion f\u00fcr die Ohren: Von Radio bis Podcast"},"content":{"rendered":"\n<p><strong>Veranstalter:<\/strong><\/p>\n\n\n\n<p><span style=\"color: #00ccff;\">MDR SACHSEN-ANHALT<\/span><\/p>\n\n\n\n<figure class=\"wp-block-image\"><img loading=\"lazy\" decoding=\"async\" width=\"300\" height=\"85\" src=\"https:\/\/medienkompetenztag.de\/wp-content\/uploads\/MDR_SACHSEN-ANHALT_h_Blau_sRGB-3-300x85.png\" alt=\"\" class=\"wp-image-3286\" srcset=\"https:\/\/medienkompetenztag.de\/wp-content\/uploads\/MDR_SACHSEN-ANHALT_h_Blau_sRGB-3-300x85.png 300w, https:\/\/medienkompetenztag.de\/wp-content\/uploads\/MDR_SACHSEN-ANHALT_h_Blau_sRGB-3-1024x290.png 1024w, https:\/\/medienkompetenztag.de\/wp-content\/uploads\/MDR_SACHSEN-ANHALT_h_Blau_sRGB-3-768x218.png 768w, https:\/\/medienkompetenztag.de\/wp-content\/uploads\/MDR_SACHSEN-ANHALT_h_Blau_sRGB-3-1536x435.png 1536w, https:\/\/medienkompetenztag.de\/wp-content\/uploads\/MDR_SACHSEN-ANHALT_h_Blau_sRGB-3-2048x580.png 2048w\" sizes=\"auto, (max-width: 300px) 100vw, 300px\" \/><\/figure>\n\n\n\n<p><strong>Veranstaltungsort:<\/strong><\/p>\n\n\n\n<p>Adresse der Schule<br>PLZ der Schule Ort der Schule<\/p>\n\n\n\n<p><strong>Art der Aktion:<\/strong><br>thematischer Workshop<\/p>\n\n\n\n<p><strong>Zielgruppe:<\/strong><br>Schulklassen ab Stufe 8<\/p>\n\n\n\n<p><strong>Ansprechpartner\/-in:<\/strong><br>Thomas Ahrens<\/p>\n\n\n\n<p>Sie m\u00fcssen sich f\u00fcr diese Aktion anmelden. Bitte nehmen Sie mit mir\/mit uns Kontakt auf!<br>Anmeldung zum Workshop ausschlie\u00dflich f\u00fcr Schulklassen bzw. Projektgruppen einer Schule; Durchf\u00fchrung des Workshops nur in der Schule nach den dort am Veranstaltungstag g\u00fcltigen Corona-Regelungen!<\/p>\n\n\n\n<p>Wie mache ich einen spannenden Podcast? Wie funktionieren Radio-Live-Reportagen via Satelliten-\u00dcbertragungswagen? MDR SACHSEN-ANHALT gibt Einblicke. Hierzu kommen Redakteurinnen\/Redakteure in die Schule.<\/p>\n\n\n\n<p>Eine Aktion im Rahmen des ARD-Jugendmedientages<\/p>\n\n\n\n<p>Die Anmeldung f\u00fcr den Workshop muss bis zum <strong>5. November 2021<\/strong> erfolgen.<\/p>\n\n\n\n<p>18.11.2021, 8.30 &#8211; 12.30 Uhr (abweichende Zeiten ggf. nach Absprache m\u00f6glich)<\/p>\n\n\n\n<p><strong>Kontakt zum Veranstalter:<\/strong><br>MITTELDEUTSCHER RUNDFUNK<br>Anstalt des \u00f6ffentlichen Rechts<br>Landesfunkhaus Sachsen-Anhalt<br>Stadtparkstra\u00dfe 8, 39114 Magdeburg<\/p>\n\n\n\n<p>(0391) 539 21 21<br><a href=\"mailto:thomas.ahrens@mdr.de\">thomas.ahrens@mdr.de<\/a><br><a href=\"https:\/\/www.mdr.de\/nachrichten\/sachsen-anhalt\/index.html\" target=\"_blank\" rel=\"noopener\">https:\/\/www.mdr.de\/nachrichten\/sachsen-anhalt\/index.html<\/a><\/p>\n","protected":false},"excerpt":{"rendered":"<p>Veranstalter: MDR SACHSEN-ANHALT Veranstaltungsort: Adresse der SchulePLZ der Schule Ort der Schule Art der Aktion:thematischer Workshop Zielgruppe:Schulklassen ab Stufe 8 Ansprechpartner\/-in:Thomas Ahrens Sie m\u00fcssen sich f\u00fcr diese Aktion anmelden. Bitte nehmen Sie mit mir\/mit uns Kontakt auf!Anmeldung zum Workshop ausschlie\u00dflich f\u00fcr Schulklassen bzw. Projektgruppen einer Schule; Durchf\u00fchrung des Workshops nur in der Schule nach den<a href=\"https:\/\/medienkompetenztag.de\/?p=3283\">[&#8230;]<\/a><\/p>\n","protected":false},"author":2,"featured_media":1763,"comment_status":"closed","ping_status":"closed","sticky":false,"template":"","format":"standard","meta":{"footnotes":""},"categories":[14],"tags":[],"class_list":["post-3283","post","type-post","status-publish","format-standard","has-post-thumbnail","hentry","category-aktionen-2021"],"_links":{"self":[{"href":"https:\/\/medienkompetenztag.de\/index.php?rest_route=\/wp\/v2\/posts\/3283","targetHints":{"allow":["GET"]}}],"collection":[{"href":"https:\/\/medienkompetenztag.de\/index.php?rest_route=\/wp\/v2\/posts"}],"about":[{"href":"https:\/\/medienkompetenztag.de\/index.php?rest_route=\/wp\/v2\/types\/post"}],"author":[{"embeddable":true,"href":"https:\/\/medienkompetenztag.de\/index.php?rest_route=\/wp\/v2\/users\/2"}],"replies":[{"embeddable":true,"href":"https:\/\/medienkompetenztag.de\/index.php?rest_route=%2Fwp%2Fv2%2Fcomments&post=3283"}],"version-history":[{"count":7,"href":"https:\/\/medienkompetenztag.de\/index.php?rest_route=\/wp\/v2\/posts\/3283\/revisions"}],"predecessor-version":[{"id":3425,"href":"https:\/\/medienkompetenztag.de\/index.php?rest_route=\/wp\/v2\/posts\/3283\/revisions\/3425"}],"wp:featuredmedia":[{"embeddable":true,"href":"https:\/\/medienkompetenztag.de\/index.php?rest_route=\/wp\/v2\/media\/1763"}],"wp:attachment":[{"href":"https:\/\/medienkompetenztag.de\/index.php?rest_route=%2Fwp%2Fv2%2Fmedia&parent=3283"}],"wp:term":[{"taxonomy":"category","embeddable":true,"href":"https:\/\/medienkompetenztag.de\/index.php?rest_route=%2Fwp%2Fv2%2Fcategories&post=3283"},{"taxonomy":"post_tag","embeddable":true,"href":"https:\/\/medienkompetenztag.de\/index.php?rest_route=%2Fwp%2Fv2%2Ftags&post=3283"}],"curies":[{"name":"wp","href":"https:\/\/api.w.org\/{rel}","templated":true}]}}