{"id":3082,"date":"2021-09-21T14:20:00","date_gmt":"2021-09-21T12:20:00","guid":{"rendered":"https:\/\/medienkompetenztag.de\/?p=3082"},"modified":"2021-11-02T17:01:29","modified_gmt":"2021-11-02T16:01:29","slug":"flirten-chatten-porno-sexuelle-entwicklung-von-kindern-und-jugendlichen-in-digitalen-zeiten","status":"publish","type":"post","link":"https:\/\/medienkompetenztag.de\/?p=3082","title":{"rendered":"Fachtag: &#8222;Flirten, Chatten, Porno &#8211; Sexuelle Entwicklung von Kindern und Jugendlichen in digitalen Zeiten&#8220;"},"content":{"rendered":"\n<p><strong>Veranstalter:<\/strong><\/p>\n\n\n\n<p><span style=\"color: #00ccff;\">Kinder- und Jugendschutz sowie lokales Netzwerk Kinderschutz der Stadt Halle (Saale) <\/span><\/p>\n\n\n\n<div class=\"wp-block-image\"><figure class=\"alignleft is-resized\"><img loading=\"lazy\" decoding=\"async\" src=\"https:\/\/medienkompetenztag.de\/wp-content\/uploads\/Logo_KJS_transparent-252x300.png\" alt=\"\" class=\"wp-image-3098\" width=\"154\" height=\"183\" srcset=\"https:\/\/medienkompetenztag.de\/wp-content\/uploads\/Logo_KJS_transparent-252x300.png 252w, https:\/\/medienkompetenztag.de\/wp-content\/uploads\/Logo_KJS_transparent-860x1024.png 860w, https:\/\/medienkompetenztag.de\/wp-content\/uploads\/Logo_KJS_transparent-768x914.png 768w, https:\/\/medienkompetenztag.de\/wp-content\/uploads\/Logo_KJS_transparent-1290x1536.png 1290w, https:\/\/medienkompetenztag.de\/wp-content\/uploads\/Logo_KJS_transparent-1720x2048.png 1720w, https:\/\/medienkompetenztag.de\/wp-content\/uploads\/Logo_KJS_transparent.png 1898w\" sizes=\"auto, (max-width: 154px) 100vw, 154px\" \/><\/figure><\/div>\n\n\n\n<div class=\"wp-block-image\"><figure class=\"alignleft is-resized\"><img loading=\"lazy\" decoding=\"async\" src=\"https:\/\/medienkompetenztag.de\/wp-content\/uploads\/Logo-Lokales-Netzwerk-Kinderschutz-300x284.png\" alt=\"\" class=\"wp-image-3099\" width=\"197\" height=\"186\" srcset=\"https:\/\/medienkompetenztag.de\/wp-content\/uploads\/Logo-Lokales-Netzwerk-Kinderschutz-300x284.png 300w, https:\/\/medienkompetenztag.de\/wp-content\/uploads\/Logo-Lokales-Netzwerk-Kinderschutz-1024x968.png 1024w, https:\/\/medienkompetenztag.de\/wp-content\/uploads\/Logo-Lokales-Netzwerk-Kinderschutz-768x726.png 768w, https:\/\/medienkompetenztag.de\/wp-content\/uploads\/Logo-Lokales-Netzwerk-Kinderschutz-1536x1452.png 1536w, https:\/\/medienkompetenztag.de\/wp-content\/uploads\/Logo-Lokales-Netzwerk-Kinderschutz-2048x1936.png 2048w\" sizes=\"auto, (max-width: 197px) 100vw, 197px\" \/><\/figure><\/div>\n\n\n\n<div style=\"height:11px\" aria-hidden=\"true\" class=\"wp-block-spacer\"><\/div>\n\n\n\n<p><strong>Veranstaltungsort:<\/strong><\/p>\n\n\n\n<p>J\u00e4gerberg 1 (Leopoldina)<br>06108 Halle (Saale)<\/p>\n\n\n\n<p><strong>Art der Aktion:<\/strong><br>thematischer Workshop, thematischer Vortrag, Gespr\u00e4chsrunde\/Diskussionsrunde<br>Fachtag<\/p>\n\n\n\n<p><strong>Zielgruppe:<\/strong><br>Schulleitungen, Lehrkr\u00e4fte, Schulsozialarbeiter*innen und p\u00e4dagogische Fachkr\u00e4fte aus Schule und Hort<\/p>\n\n\n\n<p><strong>Ansprechpartner\/-in:<\/strong><br>Katharina Rank<\/p>\n\n\n\n<p>Sie m\u00fcssen sich f\u00fcr diese Aktion anmelden. Bitte nehmen Sie mit mir\/mit uns Kontakt auf!<\/p>\n\n\n\n<p>Die sexuelle Entwicklung von Kindern und Jugendlichen beinhaltet zahlreiche Entwicklungsaufgaben und Meilensteine. Durch digitale Medien er\u00f6ffnen sich zudem viele neue Zug\u00e4nge zu Sexualit\u00e4t und Liebe. Sexting, wie z.B. das Teilen von Bild- oder Videomaterial von sich selbst oder von Freund*innen in Chats und sozialen Netzwerken ist ein weit verbreitetes Ph\u00e4nomen. Allerdings sind sich viele junge Menschen \u00fcber m\u00f6gliche strafrechtliche Folgen ihres Verhaltens nicht bewusst. Es wird vermutet, dass Sexting aufgrund der Corona-bedingten Lockdowns f\u00fcr Kinder und Jugendliche sowie deren sexuelle Entwicklung an Bedeutung gewonnen hat. Mit dem Fachtag \u201eFlirten, Chatten, Porno \u2013 Sexuelle Entwicklung von Kindern und Jugendlichen in digitalen Zeiten\u201c m\u00f6chten wir Lehrer*innen, Schulsozialarbeiter*innen und p\u00e4dagogische Fachkr\u00e4fte aus Schule und Hort f\u00fcr diese Thematik zu sensibilisieren, ihnen Gr\u00fcnde, Folgen und auch Handlungsm\u00f6glichkeiten aufzeigen.<\/p>\n\n\n\n<p>18.11.2021, von 8.00 Uhr bis ca. 16.00 Uhr<\/p>\n\n\n\n<div class=\"wp-block-cover has-background-dim-70 has-black-background-color has-background-dim\" style=\"min-height:250px;aspect-ratio:unset;\"><img loading=\"lazy\" decoding=\"async\" width=\"1024\" height=\"723\" class=\"wp-block-cover__image-background wp-image-3356\" alt=\"\" src=\"https:\/\/medienkompetenztag.de\/wp-content\/uploads\/titel_fachtag_flirten_chatten_porno-1024x723.png\" style=\"object-position:15% 0%\" data-object-fit=\"cover\" data-object-position=\"15% 0%\"\/><div class=\"wp-block-cover__inner-container is-layout-flow wp-block-cover-is-layout-flow\">\n<h1 class=\"has-white-color has-text-color has-huge-font-size wp-block-heading\" id=\"block-bd11cba8-c891-4905-89d1-d933e14574f8\"><a href=\"https:\/\/medienkompetenztag.de\/wp-content\/uploads\/Programm-Fachtag_Flirten_Chatten_Porno-1.pdf\" target=\"_blank\" rel=\"noreferrer noopener\"><strong>Programm Fachtag<\/strong><br><strong>&#8222;Flirten Chatten Porno &#8211; Sexuelle Entwicklung von Kindern und Jugendlichen in digitalen Zeiten&#8220;<\/strong><\/a><\/h1>\n<\/div><\/div>\n\n\n\n<div style=\"height:20px\" aria-hidden=\"true\" class=\"wp-block-spacer\"><\/div>\n\n\n\n<p><strong>Kontakt zum Veranstalter:<br><\/strong><br>Stadt Halle (Saale)<br>FB Bildung<br>Abt. Besondere Soziale Dienste<br>Team Jugendarbeit\/Jugendpflege<br>Albert-Schweitzer-Stra\u00dfe 40<br>06114 Halle (Saale)<br>034502213165<br><a href=\"mailto:katharina.rank@halle.de\">katharina.rank@halle.de<\/a><\/p>\n","protected":false},"excerpt":{"rendered":"<p>Veranstalter: Kinder- und Jugendschutz sowie lokales Netzwerk Kinderschutz der Stadt Halle (Saale) Veranstaltungsort: J\u00e4gerberg 1 (Leopoldina)06108 Halle (Saale) Art der Aktion:thematischer Workshop, thematischer Vortrag, Gespr\u00e4chsrunde\/DiskussionsrundeFachtag Zielgruppe:Schulleitungen, Lehrkr\u00e4fte, Schulsozialarbeiter*innen und p\u00e4dagogische Fachkr\u00e4fte aus Schule und Hort Ansprechpartner\/-in:Katharina Rank Sie m\u00fcssen sich f\u00fcr diese Aktion anmelden. Bitte nehmen Sie mit mir\/mit uns Kontakt auf! Die sexuelle Entwicklung<a href=\"https:\/\/medienkompetenztag.de\/?p=3082\">[&#8230;]<\/a><\/p>\n","protected":false},"author":0,"featured_media":3356,"comment_status":"closed","ping_status":"closed","sticky":false,"template":"","format":"standard","meta":{"footnotes":""},"categories":[14],"tags":[],"class_list":["post-3082","post","type-post","status-publish","format-standard","has-post-thumbnail","hentry","category-aktionen-2021"],"_links":{"self":[{"href":"https:\/\/medienkompetenztag.de\/index.php?rest_route=\/wp\/v2\/posts\/3082","targetHints":{"allow":["GET"]}}],"collection":[{"href":"https:\/\/medienkompetenztag.de\/index.php?rest_route=\/wp\/v2\/posts"}],"about":[{"href":"https:\/\/medienkompetenztag.de\/index.php?rest_route=\/wp\/v2\/types\/post"}],"replies":[{"embeddable":true,"href":"https:\/\/medienkompetenztag.de\/index.php?rest_route=%2Fwp%2Fv2%2Fcomments&post=3082"}],"version-history":[{"count":20,"href":"https:\/\/medienkompetenztag.de\/index.php?rest_route=\/wp\/v2\/posts\/3082\/revisions"}],"predecessor-version":[{"id":3422,"href":"https:\/\/medienkompetenztag.de\/index.php?rest_route=\/wp\/v2\/posts\/3082\/revisions\/3422"}],"wp:featuredmedia":[{"embeddable":true,"href":"https:\/\/medienkompetenztag.de\/index.php?rest_route=\/wp\/v2\/media\/3356"}],"wp:attachment":[{"href":"https:\/\/medienkompetenztag.de\/index.php?rest_route=%2Fwp%2Fv2%2Fmedia&parent=3082"}],"wp:term":[{"taxonomy":"category","embeddable":true,"href":"https:\/\/medienkompetenztag.de\/index.php?rest_route=%2Fwp%2Fv2%2Fcategories&post=3082"},{"taxonomy":"post_tag","embeddable":true,"href":"https:\/\/medienkompetenztag.de\/index.php?rest_route=%2Fwp%2Fv2%2Ftags&post=3082"}],"curies":[{"name":"wp","href":"https:\/\/api.w.org\/{rel}","templated":true}]}}