{"id":2403,"date":"2020-12-01T14:34:14","date_gmt":"2020-12-01T13:34:14","guid":{"rendered":"https:\/\/medienkompetenztag.de\/?p=2403"},"modified":"2020-12-01T17:09:09","modified_gmt":"2020-12-01T16:09:09","slug":"offener-kanal-merseburg-querfurt-war-mit-drei-aktionen-dabei","status":"publish","type":"post","link":"https:\/\/medienkompetenztag.de\/?p=2403","title":{"rendered":"Offener Kanal Merseburg-Querfurt war mit drei Aktionen dabei"},"content":{"rendered":"\n<p>Wir waren mit drei Aktionen beim 5. Tag der Medienkompetenz dabei! <\/p>\n\n\n\n<p><strong>Thementag im B\u00fcrgerfernsehen<\/strong><br>Ab 9.15 Uhr \u00fcbertrugen wir das Merseburger Verbraucherforschungsforum mit dem Thema: \u201ePrivatheit und Datenschutz bei Kindern und Jugendlichen: Status Quo und Implikationen f\u00fcr Familien und Verbraucherschutz\u201c und f\u00fcllten bis 20 Uhr die Pausen mit medienp\u00e4dagogischen Produktionen.<\/p>\n\n\n\n<figure class=\"wp-block-gallery columns-3 is-cropped wp-block-gallery-1 is-layout-flex wp-block-gallery-is-layout-flex\"><ul class=\"blocks-gallery-grid\"><li class=\"blocks-gallery-item\"><figure><img loading=\"lazy\" decoding=\"async\" width=\"366\" height=\"274\" src=\"https:\/\/medienkompetenztag.de\/wp-content\/uploads\/Screenshot_2020-12-01-R\u00fcckblick-November-Dezember-2020-Offener-Kanal-MQ-e-V-9.png\" alt=\"\" data-id=\"2404\" data-full-url=\"https:\/\/medienkompetenztag.de\/wp-content\/uploads\/Screenshot_2020-12-01-R\u00fcckblick-November-Dezember-2020-Offener-Kanal-MQ-e-V-9.png\" data-link=\"https:\/\/medienkompetenztag.de\/?attachment_id=2404\" class=\"wp-image-2404\" srcset=\"https:\/\/medienkompetenztag.de\/wp-content\/uploads\/Screenshot_2020-12-01-R\u00fcckblick-November-Dezember-2020-Offener-Kanal-MQ-e-V-9.png 366w, https:\/\/medienkompetenztag.de\/wp-content\/uploads\/Screenshot_2020-12-01-R\u00fcckblick-November-Dezember-2020-Offener-Kanal-MQ-e-V-9-300x225.png 300w, https:\/\/medienkompetenztag.de\/wp-content\/uploads\/Screenshot_2020-12-01-R\u00fcckblick-November-Dezember-2020-Offener-Kanal-MQ-e-V-9-285x214.png 285w\" sizes=\"auto, (max-width: 366px) 100vw, 366px\" \/><\/figure><\/li><li class=\"blocks-gallery-item\"><figure><img loading=\"lazy\" decoding=\"async\" width=\"366\" height=\"274\" src=\"https:\/\/medienkompetenztag.de\/wp-content\/uploads\/Screenshot_2020-12-01-R\u00fcckblick-November-Dezember-2020-Offener-Kanal-MQ-e-V-7.png\" alt=\"\" data-id=\"2406\" data-full-url=\"https:\/\/medienkompetenztag.de\/wp-content\/uploads\/Screenshot_2020-12-01-R\u00fcckblick-November-Dezember-2020-Offener-Kanal-MQ-e-V-7.png\" data-link=\"https:\/\/medienkompetenztag.de\/?attachment_id=2406\" class=\"wp-image-2406\" srcset=\"https:\/\/medienkompetenztag.de\/wp-content\/uploads\/Screenshot_2020-12-01-R\u00fcckblick-November-Dezember-2020-Offener-Kanal-MQ-e-V-7.png 366w, https:\/\/medienkompetenztag.de\/wp-content\/uploads\/Screenshot_2020-12-01-R\u00fcckblick-November-Dezember-2020-Offener-Kanal-MQ-e-V-7-300x225.png 300w, https:\/\/medienkompetenztag.de\/wp-content\/uploads\/Screenshot_2020-12-01-R\u00fcckblick-November-Dezember-2020-Offener-Kanal-MQ-e-V-7-285x214.png 285w\" sizes=\"auto, (max-width: 366px) 100vw, 366px\" \/><\/figure><\/li><li class=\"blocks-gallery-item\"><figure><img loading=\"lazy\" decoding=\"async\" width=\"366\" height=\"274\" src=\"https:\/\/medienkompetenztag.de\/wp-content\/uploads\/Screenshot_2020-12-01-R\u00fcckblick-November-Dezember-2020-Offener-Kanal-MQ-e-V-5.png\" alt=\"\" data-id=\"2408\" data-full-url=\"https:\/\/medienkompetenztag.de\/wp-content\/uploads\/Screenshot_2020-12-01-R\u00fcckblick-November-Dezember-2020-Offener-Kanal-MQ-e-V-5.png\" data-link=\"https:\/\/medienkompetenztag.de\/?attachment_id=2408\" class=\"wp-image-2408\" srcset=\"https:\/\/medienkompetenztag.de\/wp-content\/uploads\/Screenshot_2020-12-01-R\u00fcckblick-November-Dezember-2020-Offener-Kanal-MQ-e-V-5.png 366w, https:\/\/medienkompetenztag.de\/wp-content\/uploads\/Screenshot_2020-12-01-R\u00fcckblick-November-Dezember-2020-Offener-Kanal-MQ-e-V-5-300x225.png 300w, https:\/\/medienkompetenztag.de\/wp-content\/uploads\/Screenshot_2020-12-01-R\u00fcckblick-November-Dezember-2020-Offener-Kanal-MQ-e-V-5-285x214.png 285w\" sizes=\"auto, (max-width: 366px) 100vw, 366px\" \/><\/figure><\/li><li class=\"blocks-gallery-item\"><figure><img loading=\"lazy\" decoding=\"async\" width=\"366\" height=\"274\" src=\"https:\/\/medienkompetenztag.de\/wp-content\/uploads\/Screenshot_2020-12-01-R\u00fcckblick-November-Dezember-2020-Offener-Kanal-MQ-e-V-4.png\" alt=\"\" data-id=\"2409\" data-full-url=\"https:\/\/medienkompetenztag.de\/wp-content\/uploads\/Screenshot_2020-12-01-R\u00fcckblick-November-Dezember-2020-Offener-Kanal-MQ-e-V-4.png\" data-link=\"https:\/\/medienkompetenztag.de\/?attachment_id=2409\" class=\"wp-image-2409\" srcset=\"https:\/\/medienkompetenztag.de\/wp-content\/uploads\/Screenshot_2020-12-01-R\u00fcckblick-November-Dezember-2020-Offener-Kanal-MQ-e-V-4.png 366w, https:\/\/medienkompetenztag.de\/wp-content\/uploads\/Screenshot_2020-12-01-R\u00fcckblick-November-Dezember-2020-Offener-Kanal-MQ-e-V-4-300x225.png 300w, https:\/\/medienkompetenztag.de\/wp-content\/uploads\/Screenshot_2020-12-01-R\u00fcckblick-November-Dezember-2020-Offener-Kanal-MQ-e-V-4-285x214.png 285w\" sizes=\"auto, (max-width: 366px) 100vw, 366px\" \/><\/figure><\/li><li class=\"blocks-gallery-item\"><figure><img loading=\"lazy\" decoding=\"async\" width=\"366\" height=\"274\" src=\"https:\/\/medienkompetenztag.de\/wp-content\/uploads\/Screenshot_2020-12-01-R\u00fcckblick-November-Dezember-2020-Offener-Kanal-MQ-e-V-3.png\" alt=\"\" data-id=\"2410\" data-full-url=\"https:\/\/medienkompetenztag.de\/wp-content\/uploads\/Screenshot_2020-12-01-R\u00fcckblick-November-Dezember-2020-Offener-Kanal-MQ-e-V-3.png\" data-link=\"https:\/\/medienkompetenztag.de\/?attachment_id=2410\" class=\"wp-image-2410\" srcset=\"https:\/\/medienkompetenztag.de\/wp-content\/uploads\/Screenshot_2020-12-01-R\u00fcckblick-November-Dezember-2020-Offener-Kanal-MQ-e-V-3.png 366w, https:\/\/medienkompetenztag.de\/wp-content\/uploads\/Screenshot_2020-12-01-R\u00fcckblick-November-Dezember-2020-Offener-Kanal-MQ-e-V-3-300x225.png 300w, https:\/\/medienkompetenztag.de\/wp-content\/uploads\/Screenshot_2020-12-01-R\u00fcckblick-November-Dezember-2020-Offener-Kanal-MQ-e-V-3-285x214.png 285w\" sizes=\"auto, (max-width: 366px) 100vw, 366px\" \/><\/figure><\/li><li class=\"blocks-gallery-item\"><figure><img loading=\"lazy\" decoding=\"async\" width=\"366\" height=\"274\" src=\"https:\/\/medienkompetenztag.de\/wp-content\/uploads\/Screenshot_2020-12-01-R\u00fcckblick-November-Dezember-2020-Offener-Kanal-MQ-e-V-6.png\" alt=\"\" data-id=\"2407\" data-full-url=\"https:\/\/medienkompetenztag.de\/wp-content\/uploads\/Screenshot_2020-12-01-R\u00fcckblick-November-Dezember-2020-Offener-Kanal-MQ-e-V-6.png\" data-link=\"https:\/\/medienkompetenztag.de\/?attachment_id=2407\" class=\"wp-image-2407\" srcset=\"https:\/\/medienkompetenztag.de\/wp-content\/uploads\/Screenshot_2020-12-01-R\u00fcckblick-November-Dezember-2020-Offener-Kanal-MQ-e-V-6.png 366w, https:\/\/medienkompetenztag.de\/wp-content\/uploads\/Screenshot_2020-12-01-R\u00fcckblick-November-Dezember-2020-Offener-Kanal-MQ-e-V-6-300x225.png 300w, https:\/\/medienkompetenztag.de\/wp-content\/uploads\/Screenshot_2020-12-01-R\u00fcckblick-November-Dezember-2020-Offener-Kanal-MQ-e-V-6-285x214.png 285w\" sizes=\"auto, (max-width: 366px) 100vw, 366px\" \/><\/figure><\/li><li class=\"blocks-gallery-item\"><figure><img loading=\"lazy\" decoding=\"async\" width=\"366\" height=\"274\" src=\"https:\/\/medienkompetenztag.de\/wp-content\/uploads\/Screenshot_2020-12-01-R\u00fcckblick-November-Dezember-2020-Offener-Kanal-MQ-e-V-8.png\" alt=\"\" data-id=\"2405\" data-full-url=\"https:\/\/medienkompetenztag.de\/wp-content\/uploads\/Screenshot_2020-12-01-R\u00fcckblick-November-Dezember-2020-Offener-Kanal-MQ-e-V-8.png\" data-link=\"https:\/\/medienkompetenztag.de\/?attachment_id=2405\" class=\"wp-image-2405\" srcset=\"https:\/\/medienkompetenztag.de\/wp-content\/uploads\/Screenshot_2020-12-01-R\u00fcckblick-November-Dezember-2020-Offener-Kanal-MQ-e-V-8.png 366w, https:\/\/medienkompetenztag.de\/wp-content\/uploads\/Screenshot_2020-12-01-R\u00fcckblick-November-Dezember-2020-Offener-Kanal-MQ-e-V-8-300x225.png 300w, https:\/\/medienkompetenztag.de\/wp-content\/uploads\/Screenshot_2020-12-01-R\u00fcckblick-November-Dezember-2020-Offener-Kanal-MQ-e-V-8-285x214.png 285w\" sizes=\"auto, (max-width: 366px) 100vw, 366px\" \/><\/figure><\/li><li class=\"blocks-gallery-item\"><figure><img loading=\"lazy\" decoding=\"async\" width=\"366\" height=\"274\" src=\"https:\/\/medienkompetenztag.de\/wp-content\/uploads\/Screenshot_2020-12-01-R\u00fcckblick-November-Dezember-2020-Offener-Kanal-MQ-e-V-2.png\" alt=\"\" data-id=\"2411\" data-full-url=\"https:\/\/medienkompetenztag.de\/wp-content\/uploads\/Screenshot_2020-12-01-R\u00fcckblick-November-Dezember-2020-Offener-Kanal-MQ-e-V-2.png\" data-link=\"https:\/\/medienkompetenztag.de\/?attachment_id=2411\" class=\"wp-image-2411\" srcset=\"https:\/\/medienkompetenztag.de\/wp-content\/uploads\/Screenshot_2020-12-01-R\u00fcckblick-November-Dezember-2020-Offener-Kanal-MQ-e-V-2.png 366w, https:\/\/medienkompetenztag.de\/wp-content\/uploads\/Screenshot_2020-12-01-R\u00fcckblick-November-Dezember-2020-Offener-Kanal-MQ-e-V-2-300x225.png 300w, https:\/\/medienkompetenztag.de\/wp-content\/uploads\/Screenshot_2020-12-01-R\u00fcckblick-November-Dezember-2020-Offener-Kanal-MQ-e-V-2-285x214.png 285w\" sizes=\"auto, (max-width: 366px) 100vw, 366px\" \/><\/figure><\/li><\/ul><\/figure>\n\n\n\n<p>Projektleiterin Prof. Dr. Dore\u00e9n Pick hatte einige interessante G\u00e4ste aus den Bereichen Wissenschaft, Verbraucherschutz, Kinder und Jugendschutz und der Medienp\u00e4dagogik geladen, die (physisch und vorallem digital) gemeinsam mit anderen interessierten G\u00e4sten aus ganz Deutschland \u00fcber das wichtige und allgegenw\u00e4rtige Thema Datenschutz diskutiert haben. Da dieses Thema nat\u00fcrlich auch uns umtreibt, war es uns eine Freude, diese Veranstaltung gerade am Tag der Medienkompetenz personell und technisch mit einem komplizierten Setup aus Computern, Controllern und vielen Kabeln zu unterst\u00fctzen. Eine tolle Veranstaltung, die in \u00e4hnlicher Form hoffentlich bald wiederholt wird und in Zukunft dann noch mehr Menschen anzieht, die erkannt haben, dass Datenschutz einfach jeden von uns betrifft und gesamtgesellschaftlich ausgehandelt werden muss. Schlie\u00dflich sind Daten das neue \u00d6l unserer Zeit, wodurch sich einige Unternehmen bereits heute schon flei\u00dfig an Spitze der Weltwirtschaft mit unseren Daten handeln. Gerade Kindern und Jugendlichen ist dies oft nicht bewusst und das obwohl sie (wie wir alle) jeden Tag eine ganze Menge Daten produzieren, die dann gesammelt und kommerziell ausgewertet werden. Ich hoffe ihr merkt &#8211; Datenschutz geht alle an!<br><br>Die <strong>Interessengemeinschaft Freie Software am OK Merseburg<\/strong> veranstaltete eine Online-Runde mit Beratung, Informationen und Austausch zu Praxiserfahrungen rund um den beruflichen Einsatz von freier und quelloffener Software. <\/p>\n\n\n\n<figure class=\"wp-block-gallery columns-2 is-cropped wp-block-gallery-2 is-layout-flex wp-block-gallery-is-layout-flex\"><ul class=\"blocks-gallery-grid\"><li class=\"blocks-gallery-item\"><figure><img loading=\"lazy\" decoding=\"async\" width=\"366\" height=\"274\" src=\"https:\/\/medienkompetenztag.de\/wp-content\/uploads\/Screenshot_2020-12-01-R\u00fcckblick-November-Dezember-2020-Offener-Kanal-MQ-e-V-1.png\" alt=\"\" data-id=\"2412\" data-full-url=\"https:\/\/medienkompetenztag.de\/wp-content\/uploads\/Screenshot_2020-12-01-R\u00fcckblick-November-Dezember-2020-Offener-Kanal-MQ-e-V-1.png\" data-link=\"https:\/\/medienkompetenztag.de\/?attachment_id=2412\" class=\"wp-image-2412\" srcset=\"https:\/\/medienkompetenztag.de\/wp-content\/uploads\/Screenshot_2020-12-01-R\u00fcckblick-November-Dezember-2020-Offener-Kanal-MQ-e-V-1.png 366w, https:\/\/medienkompetenztag.de\/wp-content\/uploads\/Screenshot_2020-12-01-R\u00fcckblick-November-Dezember-2020-Offener-Kanal-MQ-e-V-1-300x225.png 300w, https:\/\/medienkompetenztag.de\/wp-content\/uploads\/Screenshot_2020-12-01-R\u00fcckblick-November-Dezember-2020-Offener-Kanal-MQ-e-V-1-285x214.png 285w\" sizes=\"auto, (max-width: 366px) 100vw, 366px\" \/><\/figure><\/li><li class=\"blocks-gallery-item\"><figure><img loading=\"lazy\" decoding=\"async\" width=\"366\" height=\"274\" src=\"https:\/\/medienkompetenztag.de\/wp-content\/uploads\/Screenshot_2020-12-01-R\u00fcckblick-November-Dezember-2020-Offener-Kanal-MQ-e-V-.png\" alt=\"\" data-id=\"2413\" data-full-url=\"https:\/\/medienkompetenztag.de\/wp-content\/uploads\/Screenshot_2020-12-01-R\u00fcckblick-November-Dezember-2020-Offener-Kanal-MQ-e-V-.png\" data-link=\"https:\/\/medienkompetenztag.de\/?attachment_id=2413\" class=\"wp-image-2413\" srcset=\"https:\/\/medienkompetenztag.de\/wp-content\/uploads\/Screenshot_2020-12-01-R\u00fcckblick-November-Dezember-2020-Offener-Kanal-MQ-e-V-.png 366w, https:\/\/medienkompetenztag.de\/wp-content\/uploads\/Screenshot_2020-12-01-R\u00fcckblick-November-Dezember-2020-Offener-Kanal-MQ-e-V--300x225.png 300w, https:\/\/medienkompetenztag.de\/wp-content\/uploads\/Screenshot_2020-12-01-R\u00fcckblick-November-Dezember-2020-Offener-Kanal-MQ-e-V--285x214.png 285w\" sizes=\"auto, (max-width: 366px) 100vw, 366px\" \/><\/figure><\/li><\/ul><\/figure>\n\n\n\n<p>Unser <strong>Medienquiz <\/strong>f\u00fcr zwischendurch mit OER Videos der Fachkr\u00e4te f\u00fcr den Jugendmedienschutz ist online gegangen.<br><strong><a rel=\"noreferrer noopener\" href=\"https:\/\/www.learningsnacks.de\/share\/103479\/4e07386beaaf51ab234c49b722df6b595e07830f\" target=\"_blank\">Zum Medienquiz<\/a><\/strong><\/p>\n\n\n\n<p> <\/p>\n","protected":false},"excerpt":{"rendered":"<p>Wir waren mit drei Aktionen beim 5. Tag der Medienkompetenz dabei! Thementag im B\u00fcrgerfernsehenAb 9.15 Uhr \u00fcbertrugen wir das Merseburger Verbraucherforschungsforum mit dem Thema: \u201ePrivatheit und Datenschutz bei Kindern und Jugendlichen: Status Quo und Implikationen f\u00fcr Familien und Verbraucherschutz\u201c und f\u00fcllten bis 20 Uhr die Pausen mit medienp\u00e4dagogischen Produktionen. Projektleiterin Prof. Dr. Dore\u00e9n Pick hatte<a href=\"https:\/\/medienkompetenztag.de\/?p=2403\">[&#8230;]<\/a><\/p>\n","protected":false},"author":2,"featured_media":1119,"comment_status":"closed","ping_status":"closed","sticky":false,"template":"","format":"standard","meta":{"footnotes":""},"categories":[13],"tags":[],"class_list":["post-2403","post","type-post","status-publish","format-standard","has-post-thumbnail","hentry","category-ergebnisse-2020"],"_links":{"self":[{"href":"https:\/\/medienkompetenztag.de\/index.php?rest_route=\/wp\/v2\/posts\/2403","targetHints":{"allow":["GET"]}}],"collection":[{"href":"https:\/\/medienkompetenztag.de\/index.php?rest_route=\/wp\/v2\/posts"}],"about":[{"href":"https:\/\/medienkompetenztag.de\/index.php?rest_route=\/wp\/v2\/types\/post"}],"author":[{"embeddable":true,"href":"https:\/\/medienkompetenztag.de\/index.php?rest_route=\/wp\/v2\/users\/2"}],"replies":[{"embeddable":true,"href":"https:\/\/medienkompetenztag.de\/index.php?rest_route=%2Fwp%2Fv2%2Fcomments&post=2403"}],"version-history":[{"count":4,"href":"https:\/\/medienkompetenztag.de\/index.php?rest_route=\/wp\/v2\/posts\/2403\/revisions"}],"predecessor-version":[{"id":2417,"href":"https:\/\/medienkompetenztag.de\/index.php?rest_route=\/wp\/v2\/posts\/2403\/revisions\/2417"}],"wp:featuredmedia":[{"embeddable":true,"href":"https:\/\/medienkompetenztag.de\/index.php?rest_route=\/wp\/v2\/media\/1119"}],"wp:attachment":[{"href":"https:\/\/medienkompetenztag.de\/index.php?rest_route=%2Fwp%2Fv2%2Fmedia&parent=2403"}],"wp:term":[{"taxonomy":"category","embeddable":true,"href":"https:\/\/medienkompetenztag.de\/index.php?rest_route=%2Fwp%2Fv2%2Fcategories&post=2403"},{"taxonomy":"post_tag","embeddable":true,"href":"https:\/\/medienkompetenztag.de\/index.php?rest_route=%2Fwp%2Fv2%2Ftags&post=2403"}],"curies":[{"name":"wp","href":"https:\/\/api.w.org\/{rel}","templated":true}]}}