{"id":2392,"date":"2020-11-30T16:34:37","date_gmt":"2020-11-30T15:34:37","guid":{"rendered":"https:\/\/medienkompetenztag.de\/?p=2392"},"modified":"2020-12-01T09:24:19","modified_gmt":"2020-12-01T08:24:19","slug":"interaktive-lerninhalte-spielerisch-gestalten-mit-h5p-2","status":"publish","type":"post","link":"https:\/\/medienkompetenztag.de\/?p=2392","title":{"rendered":"Interaktive Lerninhalte spielerisch gestalten mit H5P"},"content":{"rendered":"<p>Unser H5P Workshop war ein voller Erfolg. Rund 40 Personen haben in 3 Gruppen zu Branching Scenario, Interactive Video und Mini Games gearbeitet &amp; gelernt. Besonders hat unser Team gefreut, dass auch viele Lehramtsstudierende der Martin-Luther-Universit\u00e4t Halle-Wittenberg die zwei Stunden des Workshops mit [D-3] und H5P verbracht haben. Gerade die sp\u00e4tere Nutzung des Tools in der Schule ist eine uns sehr erfreuende R\u00fcckmeldung zu unserem Angebot im Rahmen des 5. Tag der Medienkompetenz. <br \/><br \/><img loading=\"lazy\" decoding=\"async\" class=\"attachment-full size-full\" src=\"https:\/\/medienkompetenztag.de\/wp-content\/uploads\/Bildschirmfoto-2020-11-30-um-11.13.08.png\" srcset=\"https:\/\/medienkompetenztag.de\/wp-content\/uploads\/Bildschirmfoto-2020-11-30-um-11.13.08.png 1237w, https:\/\/medienkompetenztag.de\/wp-content\/uploads\/Bildschirmfoto-2020-11-30-um-11.13.08-300x152.png 300w, https:\/\/medienkompetenztag.de\/wp-content\/uploads\/Bildschirmfoto-2020-11-30-um-11.13.08-1024x520.png 1024w, https:\/\/medienkompetenztag.de\/wp-content\/uploads\/Bildschirmfoto-2020-11-30-um-11.13.08-768x390.png 768w\" alt=\"\" width=\"1237\" height=\"628\" \/><img loading=\"lazy\" decoding=\"async\" class=\"attachment-full size-full\" src=\"https:\/\/medienkompetenztag.de\/wp-content\/uploads\/H5P-trifft-D-3.jpeg\" srcset=\"https:\/\/medienkompetenztag.de\/wp-content\/uploads\/H5P-trifft-D-3.jpeg 2048w, https:\/\/medienkompetenztag.de\/wp-content\/uploads\/H5P-trifft-D-3-300x225.jpeg 300w, https:\/\/medienkompetenztag.de\/wp-content\/uploads\/H5P-trifft-D-3-1024x768.jpeg 1024w, https:\/\/medienkompetenztag.de\/wp-content\/uploads\/H5P-trifft-D-3-768x576.jpeg 768w, https:\/\/medienkompetenztag.de\/wp-content\/uploads\/H5P-trifft-D-3-1536x1152.jpeg 1536w, https:\/\/medienkompetenztag.de\/wp-content\/uploads\/H5P-trifft-D-3-285x214.jpeg 285w\" alt=\"\" width=\"2048\" height=\"1536\" \/><\/p>\n\n\n<p>Folgender Tweet der Workshop-Teilnehmerin Frau Schulz (@chri__stine) bringt dieses Fazit auf den Punkt.<\/p>\n\n\n\n<figure class=\"wp-block-embed-twitter wp-block-embed is-type-rich is-provider-twitter\"><div class=\"wp-block-embed__wrapper\">\nhttps:\/\/twitter.com\/chri__stine\/status\/1330822104439263232\n<\/div><\/figure>\n\n\n\n<p>Wir freuen uns auch 2020 beim #TMK dabei gewesen zu sein.<br>Das Team von [D-3] Deutsch Didaktik Digital<\/p>\n","protected":false},"excerpt":{"rendered":"<p>Unser H5P Workshop war ein voller Erfolg. Rund 40 Personen haben in 3 Gruppen zu Branching Scenario, Interactive Video und Mini Games gearbeitet &amp; gelernt. Besonders hat unser Team gefreut, dass auch viele Lehramtsstudierende der Martin-Luther-Universit\u00e4t Halle-Wittenberg die zwei Stunden des Workshops mit [D-3] und H5P verbracht haben. Gerade die sp\u00e4tere Nutzung des Tools in<a href=\"https:\/\/medienkompetenztag.de\/?p=2392\">[&#8230;]<\/a><\/p>\n","protected":false},"author":0,"featured_media":2142,"comment_status":"closed","ping_status":"closed","sticky":false,"template":"","format":"standard","meta":{"footnotes":""},"categories":[13],"tags":[],"class_list":["post-2392","post","type-post","status-publish","format-standard","has-post-thumbnail","hentry","category-ergebnisse-2020"],"_links":{"self":[{"href":"https:\/\/medienkompetenztag.de\/index.php?rest_route=\/wp\/v2\/posts\/2392","targetHints":{"allow":["GET"]}}],"collection":[{"href":"https:\/\/medienkompetenztag.de\/index.php?rest_route=\/wp\/v2\/posts"}],"about":[{"href":"https:\/\/medienkompetenztag.de\/index.php?rest_route=\/wp\/v2\/types\/post"}],"replies":[{"embeddable":true,"href":"https:\/\/medienkompetenztag.de\/index.php?rest_route=%2Fwp%2Fv2%2Fcomments&post=2392"}],"version-history":[{"count":4,"href":"https:\/\/medienkompetenztag.de\/index.php?rest_route=\/wp\/v2\/posts\/2392\/revisions"}],"predecessor-version":[{"id":2402,"href":"https:\/\/medienkompetenztag.de\/index.php?rest_route=\/wp\/v2\/posts\/2392\/revisions\/2402"}],"wp:featuredmedia":[{"embeddable":true,"href":"https:\/\/medienkompetenztag.de\/index.php?rest_route=\/wp\/v2\/media\/2142"}],"wp:attachment":[{"href":"https:\/\/medienkompetenztag.de\/index.php?rest_route=%2Fwp%2Fv2%2Fmedia&parent=2392"}],"wp:term":[{"taxonomy":"category","embeddable":true,"href":"https:\/\/medienkompetenztag.de\/index.php?rest_route=%2Fwp%2Fv2%2Fcategories&post=2392"},{"taxonomy":"post_tag","embeddable":true,"href":"https:\/\/medienkompetenztag.de\/index.php?rest_route=%2Fwp%2Fv2%2Ftags&post=2392"}],"curies":[{"name":"wp","href":"https:\/\/api.w.org\/{rel}","templated":true}]}}