{"id":2179,"date":"2021-10-19T13:22:00","date_gmt":"2021-10-19T11:22:00","guid":{"rendered":"https:\/\/medienkompetenztag.de\/?p=2179"},"modified":"2021-11-02T17:03:05","modified_gmt":"2021-11-02T16:03:05","slug":"medienuniversum-medienbildung-in-der-grundschule","status":"publish","type":"post","link":"https:\/\/medienkompetenztag.de\/?p=2179","title":{"rendered":"MedienUniversum. Medienbildung in der Grundschule"},"content":{"rendered":"\n<p><strong>Veranstalter:<\/strong><\/p>\n\n\n\n<figure class=\"wp-block-image\"><img loading=\"lazy\" decoding=\"async\" width=\"300\" height=\"300\" src=\"https:\/\/medienkompetenztag.de\/wp-content\/uploads\/TK-Logo-300x300.jpg\" alt=\"\" class=\"wp-image-2181\" srcset=\"https:\/\/medienkompetenztag.de\/wp-content\/uploads\/TK-Logo-300x300.jpg 300w, https:\/\/medienkompetenztag.de\/wp-content\/uploads\/TK-Logo-1024x1024.jpg 1024w, https:\/\/medienkompetenztag.de\/wp-content\/uploads\/TK-Logo-150x150.jpg 150w, https:\/\/medienkompetenztag.de\/wp-content\/uploads\/TK-Logo-768x768.jpg 768w, https:\/\/medienkompetenztag.de\/wp-content\/uploads\/TK-Logo-250x250.jpg 250w, https:\/\/medienkompetenztag.de\/wp-content\/uploads\/TK-Logo-174x174.jpg 174w, https:\/\/medienkompetenztag.de\/wp-content\/uploads\/TK-Logo.jpg 1181w\" sizes=\"auto, (max-width: 300px) 100vw, 300px\" \/><\/figure>\n\n\n\n<p><span style=\"color: #00ccff;\">Techniker Krankenkasse<\/span><\/p>\n\n\n\n<p><strong>Veranstaltungsort:<\/strong><\/p>\n\n\n\n<p>Online-Portal<\/p>\n\n\n\n<p><strong>Art der Aktion:<\/strong><br>Online-Seminar, Sonstiges<br>Portal f\u00fcr Lehrer(innen) zur Medienkompetenz-F\u00f6rderung in der Grundschule<\/p>\n\n\n\n<p><strong>Zielgruppe:<\/strong><br>P\u00e4dagoginnen und P\u00e4dagogen an Grundschulen, Sch\u00fclerinnen und Sch\u00fcler der 4. Klasse<\/p>\n\n\n\n<p><strong>Ansprechpartner\/-in:<\/strong><br>Elke Proffen<\/p>\n\n\n\n<p><strong>Sonstiges:<\/strong><br>Zur Nutzung des Portals ist eine kostenfreie Registrierung erforderlich.<\/p>\n\n\n\n<p>Mit spannenden Lernr\u00e4umen k\u00f6nnen digitale Medien auf unterschiedliche Weise thematisiert werden. Das kostenfrei nutzbare Portal ist so konzipiert, dass interessierte Lehrerinnen und Lehrer die einzelnen Einheiten zum Thema je nach Bedarf miteinander kombinieren k\u00f6nnen. Erg\u00e4nzend finden sich zudem Hintergrundwissen zum p\u00e4dagogischen Konzept und zum Thema \u201eMedien und Gesundheit\u201c sowie Methoden, Begriffserkl\u00e4rungen und vieles mehr. Im Downloadbereich stehen direkt einsetzbare Bausteine in interaktiver Form oder als PDF zur Verf\u00fcgung. Die Arbeitsmaterialien erz\u00e4hlen im Hintergrund die Geschichte des Medienplaneten Dorky. Die originellen Aliens begleiten die Kinder bei ihren Entdeckungen in der Medienwelt und helfen ihnen, Erfahrungen und Erkenntnisse einzuordnen.<\/p>\n\n\n\n<p>Die Veranstaltung findet fortlaufend statt.<\/p>\n\n\n\n<p><strong>Kontakt zum Veranstalter:<\/strong><br>Techniker Krankenkasse<br>Landesvertretung Sachsen-Anhalt<br>Olvenstedter Stra\u00dfe 66<br>39108 Magdeburg<br>0391-73 94 400<br><a href=\"mailto:lv-sachsen-anhalt@tk.de\">lv-sachsen-anhalt@tk.de<\/a><br><a href=\"https:\/\/medienkompetenz.tk.de\/de\" target=\"_blank\" rel=\"noopener noreferrer\">https:\/\/medienkompetenz.tk.de\/de<\/a><\/p>\n\n\n\n<p><strong>Hinweise und Anmerkungen des Veranstalters:<\/strong><br>Weitere Informationen zur TK in Sachsen-Anhalt unter: <a href=\"https:\/\/www.tk.de\/presse\/regional\/sachsen-anhalt-2050060\" target=\"_blank\" rel=\"noopener noreferrer\">https:\/\/www.tk.de\/presse\/regional\/sachsen-anhalt-2050060<\/a><\/p>\n","protected":false},"excerpt":{"rendered":"<p>Veranstalter: Techniker Krankenkasse Veranstaltungsort: Online-Portal Art der Aktion:Online-Seminar, SonstigesPortal f\u00fcr Lehrer(innen) zur Medienkompetenz-F\u00f6rderung in der Grundschule Zielgruppe:P\u00e4dagoginnen und P\u00e4dagogen an Grundschulen, Sch\u00fclerinnen und Sch\u00fcler der 4. Klasse Ansprechpartner\/-in:Elke Proffen Sonstiges:Zur Nutzung des Portals ist eine kostenfreie Registrierung erforderlich. Mit spannenden Lernr\u00e4umen k\u00f6nnen digitale Medien auf unterschiedliche Weise thematisiert werden. Das kostenfrei nutzbare Portal ist so<a href=\"https:\/\/medienkompetenztag.de\/?p=2179\">[&#8230;]<\/a><\/p>\n","protected":false},"author":0,"featured_media":2183,"comment_status":"closed","ping_status":"closed","sticky":false,"template":"","format":"standard","meta":{"footnotes":""},"categories":[12,14],"tags":[],"class_list":["post-2179","post","type-post","status-publish","format-standard","has-post-thumbnail","hentry","category-aktionen-2020","category-aktionen-2021"],"_links":{"self":[{"href":"https:\/\/medienkompetenztag.de\/index.php?rest_route=\/wp\/v2\/posts\/2179","targetHints":{"allow":["GET"]}}],"collection":[{"href":"https:\/\/medienkompetenztag.de\/index.php?rest_route=\/wp\/v2\/posts"}],"about":[{"href":"https:\/\/medienkompetenztag.de\/index.php?rest_route=\/wp\/v2\/types\/post"}],"replies":[{"embeddable":true,"href":"https:\/\/medienkompetenztag.de\/index.php?rest_route=%2Fwp%2Fv2%2Fcomments&post=2179"}],"version-history":[{"count":10,"href":"https:\/\/medienkompetenztag.de\/index.php?rest_route=\/wp\/v2\/posts\/2179\/revisions"}],"predecessor-version":[{"id":3424,"href":"https:\/\/medienkompetenztag.de\/index.php?rest_route=\/wp\/v2\/posts\/2179\/revisions\/3424"}],"wp:featuredmedia":[{"embeddable":true,"href":"https:\/\/medienkompetenztag.de\/index.php?rest_route=\/wp\/v2\/media\/2183"}],"wp:attachment":[{"href":"https:\/\/medienkompetenztag.de\/index.php?rest_route=%2Fwp%2Fv2%2Fmedia&parent=2179"}],"wp:term":[{"taxonomy":"category","embeddable":true,"href":"https:\/\/medienkompetenztag.de\/index.php?rest_route=%2Fwp%2Fv2%2Fcategories&post=2179"},{"taxonomy":"post_tag","embeddable":true,"href":"https:\/\/medienkompetenztag.de\/index.php?rest_route=%2Fwp%2Fv2%2Ftags&post=2179"}],"curies":[{"name":"wp","href":"https:\/\/api.w.org\/{rel}","templated":true}]}}