{"id":2159,"date":"2020-10-19T11:52:17","date_gmt":"2020-10-19T09:52:17","guid":{"rendered":"https:\/\/medienkompetenztag.de\/?p=2159"},"modified":"2020-11-12T14:40:10","modified_gmt":"2020-11-12T13:40:10","slug":"fortbildungsreiheaktiv-gegen-diskriminierung-und-fuer-fairness-online-und-offline","status":"publish","type":"post","link":"https:\/\/medienkompetenztag.de\/?p=2159","title":{"rendered":"Online-Fortbildungsreihe: Aktiv gegen Diskriminierung und f\u00fcr Fairness \u2013 online und offline"},"content":{"rendered":"<p><strong>Veranstalter:<\/strong><\/p>\n<p><img loading=\"lazy\" decoding=\"async\" class=\"alignnone size-medium wp-image-2161\" src=\"https:\/\/medienkompetenztag.de\/wp-content\/uploads\/DigiBitS_Wortmarke_RGB-300x89.png\" alt=\"\" width=\"300\" height=\"89\" srcset=\"https:\/\/medienkompetenztag.de\/wp-content\/uploads\/DigiBitS_Wortmarke_RGB-300x89.png 300w, https:\/\/medienkompetenztag.de\/wp-content\/uploads\/DigiBitS_Wortmarke_RGB-1024x304.png 1024w, https:\/\/medienkompetenztag.de\/wp-content\/uploads\/DigiBitS_Wortmarke_RGB-768x228.png 768w, https:\/\/medienkompetenztag.de\/wp-content\/uploads\/DigiBitS_Wortmarke_RGB.png 1312w\" sizes=\"auto, (max-width: 300px) 100vw, 300px\" \/><\/p>\n<p><span style=\"color: #00ccff;\">DigiBitS \u2013 Digitale Bildung trifft Schule<\/span><\/p>\n<p><strong>Veranstaltungsort:<\/strong><\/p>\n<p><span style=\"color: #000000;\">Online<\/span><\/p>\n<p><strong>Art der Aktion:<\/strong><br \/>\nthematischer Workshop, 16., 18. &amp; 19.11.2020, jeweils 16.00-17.30 Uhr<\/p>\n<p><strong>Zielgruppe:<\/strong><br \/>\nEine Online-Fortbildungsreihe f\u00fcr Lehrer*innen und weitere p\u00e4dagogische Fachkr\u00e4fte<\/p>\n<p><strong>Ansprechpartner\/-in:<\/strong><br \/>\nFrau Elisabeth Maria Hofmann<\/p>\n<p><strong>Themen &amp; Termine:<br \/>\n<\/strong><\/p>\n<p><strong><br \/>\nStories that Move \u2013 Toolbox gegen Diskriminierung\u201c: Lernmaterial f\u00fcr Jugendliche ab 14 Jahre (Teil 1 &amp; 2, 16.11.2020 &amp; 18.11.2020, jeweils 16.00-17.30 Uhr)<\/strong><\/p>\n<p>Die Online-Toolbox \u201eStories that Move\u201c wurde von Expert*innen aus sieben europ\u00e4ischen L\u00e4ndern entwickelt. Das Material regt Sch\u00fcler*innen ab 14 Jahren dazu an, sich mit den Themen Vielfalt und Diskriminierung auseinanderzusetzen, ihre eigenen Positionen und Entscheidungsm\u00f6glichkeiten zu reflektieren und f\u00fcr eine plurale Gesellschaft aktiv zu werden. Dabei werden interaktive Online-\u00dcbungen mit Gruppenarbeiten kombiniert. Das Material ist kostenfrei zug\u00e4nglich unter <a href=\"http:\/\/www.storiesthatmove.or\" target=\"_blank\" rel=\"noopener noreferrer\">www.storiesthatmove.org<\/a>. Im Rahmen der Fortbildung werden das Bildungsmaterial vorgestellt wie auch die Methoden zur Umsetzung im Rahmen des Unterrichts vermittelt. Der Schwerpunkt liegt dabei auf dem Modul \u201eAktiv werden gegen Diskriminierung\u201c.<\/p>\n<p><strong>Das bestm\u00f6gliche soziale Netzwerk \u2013 fair kommunizieren ohne Hass und Diskriminierung (Teil 3, 19.11.2020, 16.00-17.30 Uhr)<br \/>\n<\/strong><\/p>\n<p>Soziale Netzwerke sind Orte des Austauschs und der Begegnung, aber oft auch des Hasses und der Ausgrenzung. Die Schule hat heute auch den Auftrag, jungen Menschen im Diskussionsraum Internet Orientierung zu geben und Kompetenzen f\u00fcr eine demokratische Debattenkultur im Netz zu f\u00f6rdern. In dem Online-Workshop setzen Sie sich zun\u00e4chst mit dem gruppenbezogenen Hass im Netz auseinander und entwerfen dann mithilfe kollaborativer Online-Tools eine Zukunftsvision des bestm\u00f6glichen sozialen Netzwerks. Ziel des Workshops ist es, Anhaltspunkte und Motivation f\u00fcr eine positive Kommunikationskultur zu entwickeln. Der Workshop ist Teil der Initiative \u201eSchule gegen Hate Speech \u2013 F\u00fcr mehr Fairness im Netz\u201c des Bildungsprojekt DigiBitS \u2013 Digitale Bildung trifft Schule.<\/p>\n<p>Mehr unter:<a href=\"https:\/\/www.digibits.de\/schule-gegen-hate-speech\" target=\"_blank\" rel=\"noopener noreferrer\"> www.digibits.de\/schule-gegen-hate-speech<\/a><\/p>\n<p>Um an der Fortbildungsreihe teilzunehmen, senden Sie eine E-Mail an <a href=\"mailto:hallo@digibits.de\">hallo@digibits.de<\/a>. Geben Sie bitte an, wenn Sie nur bei einzelnen Terminen dabei sein m\u00f6chten.<\/p>\n<p><strong>Kontakt:<\/strong><br \/>\nDr. Elisabeth Maria Hofmann<br \/>\nProjektkoordinatorin DigiBitS \u2013 Digitale Bildung trifft Schule<br \/>\nProjektreferentin Digitale Nachbarschaft<\/p>\n<p>Deutschland sicher im Netz e.V.<br \/>\nAlbrechtstra\u00dfe 10c<br \/>\n10117 Berlin<br \/>\n+49 (0) 30 767581-544<br \/>\nwww.sicher-im-netz.de<\/p>\n<p>+49 (0) 30 767581-544<br \/>\n<a href=\"mailto:hallo@digibits.de\">hallo@digibits.de<\/a><br \/>\n<a href=\"http:\/\/www.digibits.de\/\" target=\"_blank\" rel=\"noopener noreferrer\">www.digibits.de<\/a><\/p>\n<p><strong>Hinweise und Anmerkungen:<\/strong><br \/>\nAntisemitismus, Rassismus und Diskriminierung nehmen derzeit in ganz Europa zu und beeinflussen auch das Leben junger Menschen. Sowohl in der analogen Welt als auch im digitalen Raum erleben sie Ausgrenzung und Hass: ob als Zuschauende, Betroffene oder auch als T\u00e4ter*innen. In der dreiteiligen Fortbildungsreihe von DigiBitS \u2013 Digitale Bildung trifft Schule in Kooperation mit dem Anne Frank Zentrum Berlin lernen Sie interaktive Online-Materialien kennen, um Sch\u00fcler*innen f\u00fcr diese Thematik zu sensibilisieren, damit sie Verantwortung \u00fcbernehmen f\u00fcr eine plurales Zusammenleben und eine faire Kommunikation im Netz.<\/p>\n<p>Die Fortbildungsreihe &#8222;Aktiv gegen Diskriminierung und f\u00fcr Fairness \u2013 online und offline&#8220; findet im Rahmen der <em>Global Education Week 2020<\/em> statt.<\/p>\n<p><em>Beitragsfoto: Jan van Holleben<\/em><\/p>\n","protected":false},"excerpt":{"rendered":"<p>Veranstalter: DigiBitS \u2013 Digitale Bildung trifft Schule Veranstaltungsort: Online Art der Aktion: thematischer Workshop, 16., 18. &amp; 19.11.2020, jeweils 16.00-17.30 Uhr Zielgruppe: Eine Online-Fortbildungsreihe f\u00fcr Lehrer*innen und weitere p\u00e4dagogische Fachkr\u00e4fte Ansprechpartner\/-in: Frau Elisabeth Maria Hofmann Themen &amp; Termine: Stories that Move \u2013 Toolbox gegen Diskriminierung\u201c: Lernmaterial f\u00fcr Jugendliche ab 14 Jahre (Teil 1 &amp; 2,<a href=\"https:\/\/medienkompetenztag.de\/?p=2159\">[&#8230;]<\/a><\/p>\n","protected":false},"author":0,"featured_media":2162,"comment_status":"closed","ping_status":"closed","sticky":false,"template":"","format":"standard","meta":{"footnotes":""},"categories":[12],"tags":[],"class_list":["post-2159","post","type-post","status-publish","format-standard","has-post-thumbnail","hentry","category-aktionen-2020"],"_links":{"self":[{"href":"https:\/\/medienkompetenztag.de\/index.php?rest_route=\/wp\/v2\/posts\/2159","targetHints":{"allow":["GET"]}}],"collection":[{"href":"https:\/\/medienkompetenztag.de\/index.php?rest_route=\/wp\/v2\/posts"}],"about":[{"href":"https:\/\/medienkompetenztag.de\/index.php?rest_route=\/wp\/v2\/types\/post"}],"replies":[{"embeddable":true,"href":"https:\/\/medienkompetenztag.de\/index.php?rest_route=%2Fwp%2Fv2%2Fcomments&post=2159"}],"version-history":[{"count":8,"href":"https:\/\/medienkompetenztag.de\/index.php?rest_route=\/wp\/v2\/posts\/2159\/revisions"}],"predecessor-version":[{"id":2281,"href":"https:\/\/medienkompetenztag.de\/index.php?rest_route=\/wp\/v2\/posts\/2159\/revisions\/2281"}],"wp:featuredmedia":[{"embeddable":true,"href":"https:\/\/medienkompetenztag.de\/index.php?rest_route=\/wp\/v2\/media\/2162"}],"wp:attachment":[{"href":"https:\/\/medienkompetenztag.de\/index.php?rest_route=%2Fwp%2Fv2%2Fmedia&parent=2159"}],"wp:term":[{"taxonomy":"category","embeddable":true,"href":"https:\/\/medienkompetenztag.de\/index.php?rest_route=%2Fwp%2Fv2%2Fcategories&post=2159"},{"taxonomy":"post_tag","embeddable":true,"href":"https:\/\/medienkompetenztag.de\/index.php?rest_route=%2Fwp%2Fv2%2Ftags&post=2159"}],"curies":[{"name":"wp","href":"https:\/\/api.w.org\/{rel}","templated":true}]}}